{"id":5472,"date":"2025-05-31T13:41:47","date_gmt":"2025-05-31T19:41:47","guid":{"rendered":"https:\/\/aula15.com\/?p=5472"},"modified":"2025-05-31T13:41:47","modified_gmt":"2025-05-31T19:41:47","slug":"acoso-escolar-cdmx-propone-sancionar-el-acoso-escolar","status":"publish","type":"post","link":"https:\/\/aula15.com\/index.php\/2025\/05\/31\/acoso-escolar-cdmx-propone-sancionar-el-acoso-escolar\/","title":{"rendered":"Acoso Escolar: CDMX propone sancionar el acoso escolar"},"content":{"rendered":"<h2 data-start=\"237\" data-end=\"342\">CDMX propone sancionar el acoso escolar con trabajo comunitario y multas: nueva iniciativa legislativa<\/h2>\n<p data-start=\"344\" data-end=\"462\"><span class=\"relative -mx-px my-[-0.2rem] rounded px-px py-[0.2rem] transition-colors duration-100 ease-in-out\">En respuesta al alarmante aumento del acoso escolar en la Ciudad de M\u00e9xico, la diputada Tania Larios, coordinadora del grupo parlamentario del PRI en el Congreso capitalino, present\u00f3 en marzo de 2025 una iniciativa para tipificar el bullying como delito en el C\u00f3digo Penal local.<\/span><\/p>\n<p><iframe loading=\"lazy\" title=\"ACOSO ESCOLAR - TIPO, CARACTER\u00cdSTICAS, EVITAR CONFLICTOS\" width=\"696\" height=\"392\" src=\"https:\/\/www.youtube.com\/embed\/_bF74Ijfuvg?feature=oembed\" frameborder=\"0\" allow=\"accelerometer; autoplay; clipboard-write; encrypted-media; gyroscope; picture-in-picture; web-share\" referrerpolicy=\"strict-origin-when-cross-origin\" allowfullscreen><\/iframe><\/p>\n<h3 data-start=\"464\" data-end=\"495\">\u00bfQu\u00e9 propone la iniciativa contra el acoso escolar?<\/h3>\n<p data-start=\"497\" data-end=\"575\"><span class=\"relative -mx-px my-[-0.2rem] rounded px-px py-[0.2rem] transition-colors duration-100 ease-in-out\"><a href=\"https:\/\/aula15.com\/index.php\/2025\/05\/12\/protocolos-legales-ante-casos-de-acoso-escolar-en-mexico\/\">La propuesta legislativa<\/a> contempla las siguientes sanciones para quienes cometan actos de acoso escolar:<\/span><\/p>\n<ul data-start=\"577\" data-end=\"783\">\n<li data-start=\"577\" data-end=\"618\">\n<p data-start=\"579\" data-end=\"618\"><span class=\"relative -mx-px my-[-0.2rem] rounded px-px py-[0.2rem] transition-colors duration-100 ease-in-out\"><strong data-start=\"0\" data-end=\"23\" data-is-only-node=\"\">Trabajo comunitario<\/strong>: de 25 a 50 d\u00edas.<\/span><\/p>\n<\/li>\n<li data-start=\"619\" data-end=\"660\">\n<p data-start=\"621\" data-end=\"660\"><span class=\"relative -mx-px my-[-0.2rem] rounded px-px py-[0.2rem] transition-colors duration-100 ease-in-out\"><strong data-start=\"0\" data-end=\"21\" data-is-only-node=\"\">Multas econ\u00f3micas<\/strong>: de 4,525 a 22,628 pesos, equivalentes a 40 a 200 veces la Unidad de Medida y Actualizaci\u00f3n (UMA).<\/span><\/p>\n<\/li>\n<li data-start=\"661\" data-end=\"702\">\n<p data-start=\"663\" data-end=\"702\"><span class=\"relative -mx-px my-[-0.2rem] rounded px-px py-[0.2rem] transition-colors duration-100 ease-in-out\"><strong data-start=\"0\" data-end=\"56\" data-is-only-node=\"\">Suspensi\u00f3n, destituci\u00f3n o inhabilitaci\u00f3n por 10 a\u00f1os<\/strong> para autoridades educativas que sean omisas o encubran casos del tema.<\/span><\/p>\n<\/li>\n<li data-start=\"703\" data-end=\"783\">\n<p data-start=\"705\" data-end=\"783\"><span class=\"relative -mx-px my-[-0.2rem] rounded px-px py-[0.2rem] transition-colors duration-100 ease-in-out\"><strong data-start=\"0\" data-end=\"43\" data-is-only-node=\"\">Programas de rehabilitaci\u00f3n psicol\u00f3gica<\/strong> para los agresores.<\/span><\/p>\n<\/li>\n<\/ul>\n<h3 data-start=\"1092\" data-end=\"1119\">Estad\u00edsticas alarmantes<\/h3>\n<p data-start=\"1121\" data-end=\"1319\"><span class=\"relative -mx-px my-[-0.2rem] rounded px-px py-[0.2rem] transition-colors duration-100 ease-in-out\">Seg\u00fan datos del Consejo Ciudadano para la Seguridad y Justicia, los reportes de acoso escolar en la Ciudad de M\u00e9xico aumentaron un 205% en 2024 en comparaci\u00f3n con 2019.<\/span> <span class=\"relative -mx-px my-[-0.2rem] rounded px-px py-[0.2rem] transition-colors duration-100 ease-in-out\">El 45% de los casos se registran en secundaria, el 27% en primaria y el 17% en nivel medio superior.<\/span> <span class=\"relative -mx-px my-[-0.2rem] rounded px-px py-[0.2rem] transition-colors duration-100 ease-in-out\">Adem\u00e1s, el 49% de las v\u00edctimas tienen entre 12 y 15 a\u00f1os, siendo el 55% ni\u00f1as y adolescentes mujeres.<\/span><\/p>\n<h3 data-start=\"1321\" data-end=\"1355\">Implicaciones y pr\u00f3ximos pasos contra el acoso escolar<\/h3>\n<p data-start=\"1357\" data-end=\"1475\"><span class=\"relative -mx-px my-[-0.2rem] rounded px-px py-[0.2rem] transition-colors duration-100 ease-in-out\">La propuesta busca no solo sancionar el acoso escolar, sino tambi\u00e9n fomentar un <a href=\"https:\/\/aula15.com\/index.php\/2025\/05\/05\/violencia-escolar-en-mexico-obligaciones-legales-de-las-escuelas\/\">entorno educativo seguro y respetuoso.<\/a><\/span> <span class=\"relative -mx-px my-[-0.2rem] rounded px-px py-[0.2rem] transition-colors duration-100 ease-in-out\">Al incluir el bullying en el C\u00f3digo Penal, se espera que las autoridades educativas tomen medidas m\u00e1s efectivas para prevenir y atender estos casos.<\/span><\/p>\n<p data-start=\"0\" data-end=\"112\"><span class=\"relative -mx-px my-[-0.2rem] rounded px-px py-[0.2rem] transition-colors duration-100 ease-in-out\">La iniciativa presentada por la diputada Tania Larios del PRI propone adicionar un nuevo Cap\u00edtulo VII al T\u00edtulo Primero del Libro Segundo del C\u00f3digo Penal para el Distrito Federal, espec\u00edficamente en materia de la problem\u00e1tica.<\/span><\/p>\n<p data-start=\"114\" data-end=\"188\"><span class=\"relative -mx-px my-[-0.2rem] rounded px-px py-[0.2rem] transition-colors duration-100 ease-in-out\">Los art\u00edculos propuestos en esta iniciativa son:<\/span><\/p>\n<ul data-start=\"190\" data-end=\"508\">\n<li data-start=\"190\" data-end=\"292\">\n<p data-start=\"192\" data-end=\"292\"><strong data-start=\"192\" data-end=\"212\">Art\u00edculo 148 Ter<\/strong>: <span class=\"relative -mx-px my-[-0.2rem] rounded px-px py-[0.2rem] transition-colors duration-100 ease-in-out\">Define el delito de acoso escolar como actos de hostigamiento, violencia f\u00edsica, psicol\u00f3gica o emocional de manera intencional, reiterada y dominante en contra de una o varias personas en estado de indefensi\u00f3n, debilidad o desigualdad. Las sanciones propuestas incluyen de 25 a 50 d\u00edas de trabajo en favor de la comunidad y multas de 40 a 200 veces la Unidad de Medida y Actualizaci\u00f3n (UMA).<\/span><\/p>\n<\/li>\n<\/ul>\n<p data-start=\"630\" data-end=\"708\"><span class=\"relative -mx-px my-[-0.2rem] rounded px-px py-[0.2rem] transition-colors duration-100 ease-in-out\">Estas iniciativas reflejan un esfuerzo integral por parte de las autoridades para combatir la problem\u00e1tica en la Ciudad de M\u00e9xico, estableciendo sanciones claras y mecanismos de prevenci\u00f3n y atenci\u00f3n en el \u00e1mbito educativo.<\/span><\/p>\n<p data-start=\"630\" data-end=\"708\">Referencias<\/p>\n<p data-start=\"183\" data-end=\"446\">Infobae. (2025, 12 de marzo). <em data-start=\"230\" data-end=\"317\">Alto al bullying: PRI propone sancionar acoso escolar con trabajo comunitario en CDMX<\/em>. <a class=\"cursor-pointer\" target=\"_new\" rel=\"noopener\" data-start=\"319\" data-end=\"446\">https:\/\/www.infobae.com\/mexico\/2025\/03\/12\/alto-al-bullying-pri-propone-sancionar-acoso-escolar-con-trabajo-comunitario-en-cdmx\/<\/a><\/p>\n<p data-start=\"183\" data-end=\"446\">Expansi\u00f3n Pol\u00edtica. (2025, 12 de marzo). <em data-start=\"522\" data-end=\"594\">PRI propone sancionar acoso escolar con trabajo comunitario en la CDMX<\/em>. <a class=\"cursor-pointer\" target=\"_new\" rel=\"noopener\" data-start=\"596\" data-end=\"712\">https:\/\/politica.expansion.mx\/cdmx\/2025\/03\/12\/pri-propone-sancionar-acoso-escolar-con-trabajo-comunitario-en-la-cdmx<\/a><\/p>\n<p data-start=\"183\" data-end=\"446\">El Sol de M\u00e9xico. (2025, 12 de marzo). <em data-start=\"784\" data-end=\"846\">Proponen en Congreso CDMX considerar al bullying como delito<\/em>. <a class=\"cursor-pointer\" target=\"_new\" rel=\"noopener\" data-start=\"848\" data-end=\"960\">https:\/\/oem.com.mx\/elsoldemexico\/metropoli\/proponen-en-congreso-cdmx-considerar-al-bullying-como-delito-22118203<\/a><\/p>\n<p>Aula 15 es un espacio digital dedicado a la educaci\u00f3n actual, con contenidos sobre formaci\u00f3n docente, inclusi\u00f3n, tecnolog\u00eda educativa, leyes, enfoques pedag\u00f3gicos y bienestar socioemocional. Descubre recursos, noticias y estrategias que inspiran el aprendizaje.<br data-start=\"3727\" data-end=\"3730\" \/>\u00a9 2025 Aula 15 | Educaci\u00f3n para transformar. Todos los derechos reservados.<br data-start=\"3805\" data-end=\"3808\" \/>\ud83d\udccd M\u00e9rida, Yucat\u00e1n | \ud83c\udf10\u00a0<a class=\"\" href=\"http:\/\/www.aula15.com\/\" target=\"_new\" rel=\"noopener\" data-start=\"3832\" data-end=\"3846\">www.aula15.com<\/a><\/p>\n<p>S\u00edguenos en redes sociales:\u00a0<a href=\"https:\/\/www.facebook.com\/people\/Aula-15\/61551943593214\/?mibextid=wwXIfr&amp;rdid=dgSBgDVemgPzlMMw&amp;share_url=https%3A%2F%2Fwww.facebook.com%2Fshare%2F15tww4y5sy%2F%3Fmibextid%3DwwXIfr\">[Facebook]<\/a>\u00a0\u2022\u00a0<a href=\"https:\/\/www.instagram.com\/auuulaaaa_15\/?igsh=MWNsNDhxaWxlNjlpZg%3D%3D#\">[Instagram]<\/a>\u00a0\u2022\u00a0<a href=\"https:\/\/www.threads.com\/@auuulaaaa_15\">[Threads]<\/a><\/p>\n","protected":false},"excerpt":{"rendered":"<p>CDMX propone sancionar el acoso escolar con trabajo comunitario y multas: nueva iniciativa legislativa En respuesta al alarmante aumento del acoso escolar en la Ciudad de M\u00e9xico, la diputada Tania Larios, coordinadora del grupo parlamentario del PRI en el Congreso capitalino, present\u00f3 en marzo de 2025 una iniciativa para tipificar el bullying como delito en [&hellip;]<\/p>\n","protected":false},"author":74,"featured_media":5474,"comment_status":"open","ping_status":"open","sticky":false,"template":"","format":"standard","meta":{"om_disable_all_campaigns":false,"_monsterinsights_skip_tracking":false,"_monsterinsights_sitenote_active":false,"_monsterinsights_sitenote_note":"","_monsterinsights_sitenote_category":0,"tdm_status":"","tdm_grid_status":"","_jetpack_memberships_contains_paid_content":false,"footnotes":""},"categories":[1],"tags":[],"class_list":{"0":"post-5472","1":"post","2":"type-post","3":"status-publish","4":"format-standard","5":"has-post-thumbnail","7":"category-enfoques"},"yoast_head":"<!-- This site is optimized with the Yoast SEO plugin v24.8.1 - https:\/\/yoast.com\/wordpress\/plugins\/seo\/ -->\n<title>Acoso Escolar: CDMX propone sancionar el acoso escolar - Aula 15<\/title>\n<meta name=\"description\" content=\"La Ciudad de M\u00e9xico impulsa una propuesta de ley para sancionar el acoso escolar con trabajo comunitario y multas.\" \/>\n<meta name=\"robots\" content=\"index, follow, max-snippet:-1, max-image-preview:large, max-video-preview:-1\" \/>\n<link rel=\"canonical\" href=\"https:\/\/aula15.com\/index.php\/2025\/05\/31\/acoso-escolar-cdmx-propone-sancionar-el-acoso-escolar\/\" \/>\n<meta property=\"og:locale\" content=\"es_MX\" \/>\n<meta property=\"og:type\" content=\"article\" \/>\n<meta property=\"og:title\" content=\"Acoso Escolar: CDMX propone sancionar el acoso escolar - Aula 15\" \/>\n<meta property=\"og:description\" content=\"La Ciudad de M\u00e9xico impulsa una propuesta de ley para sancionar el acoso escolar con trabajo comunitario y multas.\" \/>\n<meta property=\"og:url\" content=\"https:\/\/aula15.com\/index.php\/2025\/05\/31\/acoso-escolar-cdmx-propone-sancionar-el-acoso-escolar\/\" \/>\n<meta property=\"og:site_name\" content=\"Aula 15\" \/>\n<meta property=\"article:published_time\" content=\"2025-05-31T19:41:47+00:00\" \/>\n<meta property=\"og:image\" content=\"https:\/\/aula15.com\/wp-content\/uploads\/2025\/05\/Aula15-2.png\" \/>\n\t<meta property=\"og:image:width\" content=\"917\" \/>\n\t<meta property=\"og:image:height\" content=\"622\" \/>\n\t<meta property=\"og:image:type\" content=\"image\/png\" \/>\n<meta name=\"author\" content=\"Cinthia Yam\" \/>\n<meta name=\"twitter:card\" content=\"summary_large_image\" \/>\n<meta name=\"twitter:label1\" content=\"Escrito por\" \/>\n\t<meta name=\"twitter:data1\" content=\"Cinthia Yam\" \/>\n\t<meta name=\"twitter:label2\" content=\"Tiempo de lectura\" \/>\n\t<meta name=\"twitter:data2\" content=\"3 minutos\" \/>\n<script type=\"application\/ld+json\" class=\"yoast-schema-graph\">{\"@context\":\"https:\/\/schema.org\",\"@graph\":[{\"@type\":\"WebPage\",\"@id\":\"https:\/\/aula15.com\/index.php\/2025\/05\/31\/acoso-escolar-cdmx-propone-sancionar-el-acoso-escolar\/\",\"url\":\"https:\/\/aula15.com\/index.php\/2025\/05\/31\/acoso-escolar-cdmx-propone-sancionar-el-acoso-escolar\/\",\"name\":\"Acoso Escolar: CDMX propone sancionar el acoso escolar - Aula 15\",\"isPartOf\":{\"@id\":\"https:\/\/aula15.com\/#website\"},\"primaryImageOfPage\":{\"@id\":\"https:\/\/aula15.com\/index.php\/2025\/05\/31\/acoso-escolar-cdmx-propone-sancionar-el-acoso-escolar\/#primaryimage\"},\"image\":{\"@id\":\"https:\/\/aula15.com\/index.php\/2025\/05\/31\/acoso-escolar-cdmx-propone-sancionar-el-acoso-escolar\/#primaryimage\"},\"thumbnailUrl\":\"https:\/\/aula15.com\/wp-content\/uploads\/2025\/05\/Aula15-2.png\",\"datePublished\":\"2025-05-31T19:41:47+00:00\",\"author\":{\"@id\":\"https:\/\/aula15.com\/#\/schema\/person\/99414aa11e5ed07b2c3cc99f9d60f15e\"},\"description\":\"La Ciudad de M\u00e9xico impulsa una propuesta de ley para sancionar el acoso escolar con trabajo comunitario y multas.\",\"breadcrumb\":{\"@id\":\"https:\/\/aula15.com\/index.php\/2025\/05\/31\/acoso-escolar-cdmx-propone-sancionar-el-acoso-escolar\/#breadcrumb\"},\"inLanguage\":\"es\",\"potentialAction\":[{\"@type\":\"ReadAction\",\"target\":[\"https:\/\/aula15.com\/index.php\/2025\/05\/31\/acoso-escolar-cdmx-propone-sancionar-el-acoso-escolar\/\"]}]},{\"@type\":\"ImageObject\",\"inLanguage\":\"es\",\"@id\":\"https:\/\/aula15.com\/index.php\/2025\/05\/31\/acoso-escolar-cdmx-propone-sancionar-el-acoso-escolar\/#primaryimage\",\"url\":\"https:\/\/aula15.com\/wp-content\/uploads\/2025\/05\/Aula15-2.png\",\"contentUrl\":\"https:\/\/aula15.com\/wp-content\/uploads\/2025\/05\/Aula15-2.png\",\"width\":917,\"height\":622,\"caption\":\"Acoso escolar\"},{\"@type\":\"BreadcrumbList\",\"@id\":\"https:\/\/aula15.com\/index.php\/2025\/05\/31\/acoso-escolar-cdmx-propone-sancionar-el-acoso-escolar\/#breadcrumb\",\"itemListElement\":[{\"@type\":\"ListItem\",\"position\":1,\"name\":\"Inicio\",\"item\":\"https:\/\/aula15.com\/\"},{\"@type\":\"ListItem\",\"position\":2,\"name\":\"Acoso Escolar: CDMX propone sancionar el acoso escolar\"}]},{\"@type\":\"WebSite\",\"@id\":\"https:\/\/aula15.com\/#website\",\"url\":\"https:\/\/aula15.com\/\",\"name\":\"Aula 15\",\"description\":\"Todo sobre Educaci\u00f3n\",\"potentialAction\":[{\"@type\":\"SearchAction\",\"target\":{\"@type\":\"EntryPoint\",\"urlTemplate\":\"https:\/\/aula15.com\/?s={search_term_string}\"},\"query-input\":{\"@type\":\"PropertyValueSpecification\",\"valueRequired\":true,\"valueName\":\"search_term_string\"}}],\"inLanguage\":\"es\"},{\"@type\":\"Person\",\"@id\":\"https:\/\/aula15.com\/#\/schema\/person\/99414aa11e5ed07b2c3cc99f9d60f15e\",\"name\":\"Cinthia Yam\",\"image\":{\"@type\":\"ImageObject\",\"inLanguage\":\"es\",\"@id\":\"https:\/\/aula15.com\/#\/schema\/person\/image\/\",\"url\":\"https:\/\/aula15.com\/wp-content\/uploads\/2025\/05\/Imagen-de-WhatsApp-2025-03-11-a-las-15.52.08_9973bc2f-150x150.jpg\",\"contentUrl\":\"https:\/\/aula15.com\/wp-content\/uploads\/2025\/05\/Imagen-de-WhatsApp-2025-03-11-a-las-15.52.08_9973bc2f-150x150.jpg\",\"caption\":\"Cinthia Yam\"},\"url\":\"https:\/\/aula15.com\/index.php\/author\/cin09\/\"}]}<\/script>\n<!-- \/ Yoast SEO plugin. -->","yoast_head_json":{"title":"Acoso Escolar: CDMX propone sancionar el acoso escolar - Aula 15","description":"La Ciudad de M\u00e9xico impulsa una propuesta de ley para sancionar el acoso escolar con trabajo comunitario y multas.","robots":{"index":"index","follow":"follow","max-snippet":"max-snippet:-1","max-image-preview":"max-image-preview:large","max-video-preview":"max-video-preview:-1"},"canonical":"https:\/\/aula15.com\/index.php\/2025\/05\/31\/acoso-escolar-cdmx-propone-sancionar-el-acoso-escolar\/","og_locale":"es_MX","og_type":"article","og_title":"Acoso Escolar: CDMX propone sancionar el acoso escolar - Aula 15","og_description":"La Ciudad de M\u00e9xico impulsa una propuesta de ley para sancionar el acoso escolar con trabajo comunitario y multas.","og_url":"https:\/\/aula15.com\/index.php\/2025\/05\/31\/acoso-escolar-cdmx-propone-sancionar-el-acoso-escolar\/","og_site_name":"Aula 15","article_published_time":"2025-05-31T19:41:47+00:00","og_image":[{"width":917,"height":622,"url":"https:\/\/aula15.com\/wp-content\/uploads\/2025\/05\/Aula15-2.png","type":"image\/png"}],"author":"Cinthia Yam","twitter_card":"summary_large_image","twitter_misc":{"Escrito por":"Cinthia Yam","Tiempo de lectura":"3 minutos"},"schema":{"@context":"https:\/\/schema.org","@graph":[{"@type":"WebPage","@id":"https:\/\/aula15.com\/index.php\/2025\/05\/31\/acoso-escolar-cdmx-propone-sancionar-el-acoso-escolar\/","url":"https:\/\/aula15.com\/index.php\/2025\/05\/31\/acoso-escolar-cdmx-propone-sancionar-el-acoso-escolar\/","name":"Acoso Escolar: CDMX propone sancionar el acoso escolar - Aula 15","isPartOf":{"@id":"https:\/\/aula15.com\/#website"},"primaryImageOfPage":{"@id":"https:\/\/aula15.com\/index.php\/2025\/05\/31\/acoso-escolar-cdmx-propone-sancionar-el-acoso-escolar\/#primaryimage"},"image":{"@id":"https:\/\/aula15.com\/index.php\/2025\/05\/31\/acoso-escolar-cdmx-propone-sancionar-el-acoso-escolar\/#primaryimage"},"thumbnailUrl":"https:\/\/aula15.com\/wp-content\/uploads\/2025\/05\/Aula15-2.png","datePublished":"2025-05-31T19:41:47+00:00","author":{"@id":"https:\/\/aula15.com\/#\/schema\/person\/99414aa11e5ed07b2c3cc99f9d60f15e"},"description":"La Ciudad de M\u00e9xico impulsa una propuesta de ley para sancionar el acoso escolar con trabajo comunitario y multas.","breadcrumb":{"@id":"https:\/\/aula15.com\/index.php\/2025\/05\/31\/acoso-escolar-cdmx-propone-sancionar-el-acoso-escolar\/#breadcrumb"},"inLanguage":"es","potentialAction":[{"@type":"ReadAction","target":["https:\/\/aula15.com\/index.php\/2025\/05\/31\/acoso-escolar-cdmx-propone-sancionar-el-acoso-escolar\/"]}]},{"@type":"ImageObject","inLanguage":"es","@id":"https:\/\/aula15.com\/index.php\/2025\/05\/31\/acoso-escolar-cdmx-propone-sancionar-el-acoso-escolar\/#primaryimage","url":"https:\/\/aula15.com\/wp-content\/uploads\/2025\/05\/Aula15-2.png","contentUrl":"https:\/\/aula15.com\/wp-content\/uploads\/2025\/05\/Aula15-2.png","width":917,"height":622,"caption":"Acoso escolar"},{"@type":"BreadcrumbList","@id":"https:\/\/aula15.com\/index.php\/2025\/05\/31\/acoso-escolar-cdmx-propone-sancionar-el-acoso-escolar\/#breadcrumb","itemListElement":[{"@type":"ListItem","position":1,"name":"Inicio","item":"https:\/\/aula15.com\/"},{"@type":"ListItem","position":2,"name":"Acoso Escolar: CDMX propone sancionar el acoso escolar"}]},{"@type":"WebSite","@id":"https:\/\/aula15.com\/#website","url":"https:\/\/aula15.com\/","name":"Aula 15","description":"Todo sobre Educaci\u00f3n","potentialAction":[{"@type":"SearchAction","target":{"@type":"EntryPoint","urlTemplate":"https:\/\/aula15.com\/?s={search_term_string}"},"query-input":{"@type":"PropertyValueSpecification","valueRequired":true,"valueName":"search_term_string"}}],"inLanguage":"es"},{"@type":"Person","@id":"https:\/\/aula15.com\/#\/schema\/person\/99414aa11e5ed07b2c3cc99f9d60f15e","name":"Cinthia Yam","image":{"@type":"ImageObject","inLanguage":"es","@id":"https:\/\/aula15.com\/#\/schema\/person\/image\/","url":"https:\/\/aula15.com\/wp-content\/uploads\/2025\/05\/Imagen-de-WhatsApp-2025-03-11-a-las-15.52.08_9973bc2f-150x150.jpg","contentUrl":"https:\/\/aula15.com\/wp-content\/uploads\/2025\/05\/Imagen-de-WhatsApp-2025-03-11-a-las-15.52.08_9973bc2f-150x150.jpg","caption":"Cinthia Yam"},"url":"https:\/\/aula15.com\/index.php\/author\/cin09\/"}]}},"jetpack_featured_media_url":"https:\/\/aula15.com\/wp-content\/uploads\/2025\/05\/Aula15-2.png","jetpack-related-posts":[],"jetpack_sharing_enabled":true,"_links":{"self":[{"href":"https:\/\/aula15.com\/index.php\/wp-json\/wp\/v2\/posts\/5472","targetHints":{"allow":["GET"]}}],"collection":[{"href":"https:\/\/aula15.com\/index.php\/wp-json\/wp\/v2\/posts"}],"about":[{"href":"https:\/\/aula15.com\/index.php\/wp-json\/wp\/v2\/types\/post"}],"author":[{"embeddable":true,"href":"https:\/\/aula15.com\/index.php\/wp-json\/wp\/v2\/users\/74"}],"replies":[{"embeddable":true,"href":"https:\/\/aula15.com\/index.php\/wp-json\/wp\/v2\/comments?post=5472"}],"version-history":[{"count":2,"href":"https:\/\/aula15.com\/index.php\/wp-json\/wp\/v2\/posts\/5472\/revisions"}],"predecessor-version":[{"id":5475,"href":"https:\/\/aula15.com\/index.php\/wp-json\/wp\/v2\/posts\/5472\/revisions\/5475"}],"wp:featuredmedia":[{"embeddable":true,"href":"https:\/\/aula15.com\/index.php\/wp-json\/wp\/v2\/media\/5474"}],"wp:attachment":[{"href":"https:\/\/aula15.com\/index.php\/wp-json\/wp\/v2\/media?parent=5472"}],"wp:term":[{"taxonomy":"category","embeddable":true,"href":"https:\/\/aula15.com\/index.php\/wp-json\/wp\/v2\/categories?post=5472"},{"taxonomy":"post_tag","embeddable":true,"href":"https:\/\/aula15.com\/index.php\/wp-json\/wp\/v2\/tags?post=5472"}],"curies":[{"name":"wp","href":"https:\/\/api.w.org\/{rel}","templated":true}]}}