{"id":5318,"date":"2025-05-22T20:19:52","date_gmt":"2025-05-23T02:19:52","guid":{"rendered":"https:\/\/aula15.com\/?p=5318"},"modified":"2025-05-22T20:19:52","modified_gmt":"2025-05-23T02:19:52","slug":"mas-alla-del-diagnostico-el-valor-de-la-mirada-pedagogica","status":"publish","type":"post","link":"https:\/\/aula15.com\/index.php\/2025\/05\/22\/mas-alla-del-diagnostico-el-valor-de-la-mirada-pedagogica\/","title":{"rendered":"M\u00e1s all\u00e1 del diagn\u00f3stico: El valor de la mirada pedag\u00f3gica"},"content":{"rendered":"<h3>Una mirada integral a las NEE:<\/h3>\n<p><span style=\"font-weight: 400;\">El diagn\u00f3stico profesional es una herramienta valiosa para identificar las NEE, pero no debe ser el \u00fanico criterio para guiar las decisiones educativas. En el aula, cada estudiante se manifiesta de una manera \u00fanica, y es all\u00ed donde la observaci\u00f3n pedag\u00f3gica cobra especial relevancia.<\/span><\/p>\n<p><span style=\"font-weight: 400;\">Muchos docentes centran su atenci\u00f3n en los informes cl\u00ednicos, sin considerar que estos no siempre captan el contexto emocional, social o escolar del alumno. Una ni\u00f1a con dislexia puede tener un diagn\u00f3stico claro, pero su motivaci\u00f3n, apoyo familiar y estrategias de afrontamiento influir\u00e1n notablemente en su rendimiento acad\u00e9mico. Del mismo modo, un ni\u00f1o sin diagn\u00f3stico podr\u00eda presentar barreras importantes que pasan desapercibidas si no se observa con atenci\u00f3n.<\/span><\/p>\n<p><span style=\"font-weight: 400;\">La mirada pedag\u00f3gica permite reconocer fortalezas, estilos de aprendizaje, intereses y necesidades inmediatas. Implica preguntarse: \u00bfC\u00f3mo aprende este estudiante? \u00bfQu\u00e9 lo motiva? \u00bfQu\u00e9 obst\u00e1culos enfrenta dentro del aula? \u00bfQu\u00e9 pr\u00e1cticas docentes favorecen o dificultan su participaci\u00f3n? <a href=\"https:\/\/youtu.be\/wcW3Gefv9b4?si=3u72PIq7FZw9R9NP\">\u00bfC\u00f3mo detectar dificultades?.<\/a><\/span><\/p>\n<p><span style=\"font-weight: 400;\">Adem\u00e1s, esta mirada fomenta una relaci\u00f3n m\u00e1s cercana y humana entre docente y estudiante, donde se prioriza el v\u00ednculo por sobre la etiqueta diagn\u00f3stica. No se trata de negar el valor de los informes m\u00e9dicos o psicopedag\u00f3gicos, sino de complementarlos con una evaluaci\u00f3n continua y contextual.<\/span><\/p>\n<p><span style=\"font-weight: 400;\">Por tanto, es fundamental que los equipos docentes desarrollen competencias de observaci\u00f3n, reflexi\u00f3n y adaptaci\u00f3n. Solo as\u00ed se lograr\u00e1 una intervenci\u00f3n educativa m\u00e1s pertinente, din\u00e1mica y sensible a la realidad del aula.<\/span><\/p>\n<h3>Es por eso que&#8230;<\/h3>\n<p>Atender las necesidades educativas especiales no puede reducirse a la lectura de un diagn\u00f3stico cl\u00ednico. Si bien estos aportan informaci\u00f3n valiosa, es en la cotidianidad del aula donde se revelan las verdaderas din\u00e1micas del aprendizaje. La observaci\u00f3n pedag\u00f3gica permite al docente comprender al estudiante en su contexto, reconociendo no solo sus desaf\u00edos, sino tambi\u00e9n sus potencialidades. Fortalecer esta mirada implica desarrollar sensibilidad, reflexi\u00f3n y adaptabilidad, pilares fundamentales para una educaci\u00f3n m\u00e1s inclusiva, humana y efectiva. Solo as\u00ed podremos construir entornos de aprendizaje que respondan realmente a la diversidad de nuestros estudiantes.<\/p>\n<p><iframe loading=\"lazy\" title=\"El diagn\u00f3stico pedag\u00f3gico para la atenci\u00f3n de las NEE en bibliotecas y CRA.\" width=\"696\" height=\"392\" src=\"https:\/\/www.youtube.com\/embed\/AMlaN0eCLf0?feature=oembed\" frameborder=\"0\" allow=\"accelerometer; autoplay; clipboard-write; encrypted-media; gyroscope; picture-in-picture; web-share\" referrerpolicy=\"strict-origin-when-cross-origin\" allowfullscreen><\/iframe><\/p>\n<p>Si est\u00e1s interesado en conocer m\u00e1s datos sobre el rol del docente, te invitamos a acceder al siguiente enlace: <a href=\"https:\/\/aula15.com\/index.php\/2025\/05\/13\/capacitacion-docente\/\">https:\/\/aula15.com\/index.php\/2025\/05\/13\/capacitacion-docente\/\u00a0<\/a><\/p>\n<p>Referencias<\/p>\n<p>Medina Farf\u00e1n, R. M., Koh Cambranis, R. A., P\u00e9rez Pacheco, M. C., &amp; equipo t\u00e9cnico del Departamento de Educaci\u00f3n Especial del Estado de Campeche. (2017). <em data-start=\"154\" data-end=\"267\">Manual de Apoyo a la Educaci\u00f3n Inclusiva: Operatividad de los Servicios de Apoyo a la Educaci\u00f3n Regular (USAER)<\/em>. Secretar\u00eda de Educaci\u00f3n del Estado de Campeche. Recuperado de <a href=\"https:\/\/educacionespecial.sep.gob.mx\/storage\/recursos\/2023\/05\/X7DHjhhOjh-CAMP-MANUAL-USAER.pdf\" target=\"_new\" rel=\"noopener noreferrer\" data-start=\"331\" data-end=\"425\" data-is-last-node=\"\">https:\/\/educacionespecial.sep.gob.mx\/storage\/recursos\/2023\/05\/X7DHjhhOjh-CAMP-MANUAL-USAER.pdf<\/a><\/p>\n<p>Aula 15 es un espacio digital dedicado a la educaci\u00f3n actual, con contenidos sobre formaci\u00f3n docente, inclusi\u00f3n, tecnolog\u00eda educativa, leyes, enfoques pedag\u00f3gicos y bienestar socioemocional. Descubre recursos, noticias y estrategias que inspiran el aprendizaje.<\/p>\n<p>\u00a9 2025 Aula 15 | Educaci\u00f3n para transformar. Todos los derechos reservados.<\/p>\n<p>\ud83d\udccd M\u00e9rida, Yucat\u00e1n | \ud83c\udf10\u00a0<a href=\"http:\/\/www.aula15.com\/\">www.aula15.com<\/a><\/p>\n<p>S\u00edguenos en redes sociales: [<a href=\"https:\/\/www.facebook.com\/share\/15tww4y5sy\/?mibextid=wwXIfr\">Facebook<\/a>] \u2022 [<a href=\"https:\/\/www.instagram.com\/auuulaaaa_15?igsh=MWNsNDhxaWxlNjlpZg==\">Instagram<\/a>] \u2022 [<a href=\"https:\/\/www.threads.net\/@auuulaaaa_15\">Threads<\/a>] \u2022 [<a href=\"https:\/\/www.tiktok.com\/@aula15umsa?_t=ZS-8w7Mxt0qRI0&amp;_r=1\">Tiktok<\/a>]<\/p>\n","protected":false},"excerpt":{"rendered":"<p>Una mirada integral a las NEE: El diagn\u00f3stico profesional es una herramienta valiosa para identificar las NEE, pero no debe ser el \u00fanico criterio para guiar las decisiones educativas. En el aula, cada estudiante se manifiesta de una manera \u00fanica, y es all\u00ed donde la observaci\u00f3n pedag\u00f3gica cobra especial relevancia. Muchos docentes centran su atenci\u00f3n [&hellip;]<\/p>\n","protected":false},"author":69,"featured_media":5320,"comment_status":"open","ping_status":"open","sticky":false,"template":"","format":"standard","meta":{"om_disable_all_campaigns":false,"_monsterinsights_skip_tracking":false,"_monsterinsights_sitenote_active":false,"_monsterinsights_sitenote_note":"","_monsterinsights_sitenote_category":0,"tdm_status":"","tdm_grid_status":"","_jetpack_memberships_contains_paid_content":false,"footnotes":""},"categories":[374],"tags":[],"class_list":{"0":"post-5318","1":"post","2":"type-post","3":"status-publish","4":"format-standard","5":"has-post-thumbnail","7":"category-nee"},"yoast_head":"<!-- This site is optimized with the Yoast SEO plugin v24.8.1 - https:\/\/yoast.com\/wordpress\/plugins\/seo\/ -->\n<title>M\u00e1s all\u00e1 del diagn\u00f3stico: El valor de la mirada pedag\u00f3gica - Aula 15<\/title>\n<meta name=\"description\" content=\"Explora c\u00f3mo la observaci\u00f3n pedag\u00f3gica complementa el diagn\u00f3stico cl\u00ednico para atender de forma integral las NEE en el aula educativa.\" \/>\n<meta name=\"robots\" content=\"index, follow, max-snippet:-1, max-image-preview:large, max-video-preview:-1\" \/>\n<link rel=\"canonical\" href=\"https:\/\/aula15.com\/index.php\/2025\/05\/22\/mas-alla-del-diagnostico-el-valor-de-la-mirada-pedagogica\/\" \/>\n<meta property=\"og:locale\" content=\"es_MX\" \/>\n<meta property=\"og:type\" content=\"article\" \/>\n<meta property=\"og:title\" content=\"M\u00e1s all\u00e1 del diagn\u00f3stico: El valor de la mirada pedag\u00f3gica - Aula 15\" \/>\n<meta property=\"og:description\" content=\"Explora c\u00f3mo la observaci\u00f3n pedag\u00f3gica complementa el diagn\u00f3stico cl\u00ednico para atender de forma integral las NEE en el aula educativa.\" \/>\n<meta property=\"og:url\" content=\"https:\/\/aula15.com\/index.php\/2025\/05\/22\/mas-alla-del-diagnostico-el-valor-de-la-mirada-pedagogica\/\" \/>\n<meta property=\"og:site_name\" content=\"Aula 15\" \/>\n<meta property=\"article:published_time\" content=\"2025-05-23T02:19:52+00:00\" \/>\n<meta property=\"og:image\" content=\"https:\/\/aula15.com\/wp-content\/uploads\/2025\/05\/Diseno-sin-titulo-2-1.jpg\" \/>\n\t<meta property=\"og:image:width\" content=\"750\" \/>\n\t<meta property=\"og:image:height\" content=\"422\" \/>\n\t<meta property=\"og:image:type\" content=\"image\/jpeg\" \/>\n<meta name=\"author\" content=\"Maria Canto\" \/>\n<meta name=\"twitter:card\" content=\"summary_large_image\" \/>\n<meta name=\"twitter:label1\" content=\"Escrito por\" \/>\n\t<meta name=\"twitter:data1\" content=\"Maria Canto\" \/>\n\t<meta name=\"twitter:label2\" content=\"Tiempo de lectura\" \/>\n\t<meta name=\"twitter:data2\" content=\"3 minutos\" \/>\n<script type=\"application\/ld+json\" class=\"yoast-schema-graph\">{\"@context\":\"https:\/\/schema.org\",\"@graph\":[{\"@type\":\"WebPage\",\"@id\":\"https:\/\/aula15.com\/index.php\/2025\/05\/22\/mas-alla-del-diagnostico-el-valor-de-la-mirada-pedagogica\/\",\"url\":\"https:\/\/aula15.com\/index.php\/2025\/05\/22\/mas-alla-del-diagnostico-el-valor-de-la-mirada-pedagogica\/\",\"name\":\"M\u00e1s all\u00e1 del diagn\u00f3stico: El valor de la mirada pedag\u00f3gica - Aula 15\",\"isPartOf\":{\"@id\":\"https:\/\/aula15.com\/#website\"},\"primaryImageOfPage\":{\"@id\":\"https:\/\/aula15.com\/index.php\/2025\/05\/22\/mas-alla-del-diagnostico-el-valor-de-la-mirada-pedagogica\/#primaryimage\"},\"image\":{\"@id\":\"https:\/\/aula15.com\/index.php\/2025\/05\/22\/mas-alla-del-diagnostico-el-valor-de-la-mirada-pedagogica\/#primaryimage\"},\"thumbnailUrl\":\"https:\/\/aula15.com\/wp-content\/uploads\/2025\/05\/Diseno-sin-titulo-2-1.jpg\",\"datePublished\":\"2025-05-23T02:19:52+00:00\",\"author\":{\"@id\":\"https:\/\/aula15.com\/#\/schema\/person\/16de3cbdcca539b2733f8d0f8cfac7f2\"},\"description\":\"Explora c\u00f3mo la observaci\u00f3n pedag\u00f3gica complementa el diagn\u00f3stico cl\u00ednico para atender de forma integral las NEE en el aula educativa.\",\"breadcrumb\":{\"@id\":\"https:\/\/aula15.com\/index.php\/2025\/05\/22\/mas-alla-del-diagnostico-el-valor-de-la-mirada-pedagogica\/#breadcrumb\"},\"inLanguage\":\"es\",\"potentialAction\":[{\"@type\":\"ReadAction\",\"target\":[\"https:\/\/aula15.com\/index.php\/2025\/05\/22\/mas-alla-del-diagnostico-el-valor-de-la-mirada-pedagogica\/\"]}]},{\"@type\":\"ImageObject\",\"inLanguage\":\"es\",\"@id\":\"https:\/\/aula15.com\/index.php\/2025\/05\/22\/mas-alla-del-diagnostico-el-valor-de-la-mirada-pedagogica\/#primaryimage\",\"url\":\"https:\/\/aula15.com\/wp-content\/uploads\/2025\/05\/Diseno-sin-titulo-2-1.jpg\",\"contentUrl\":\"https:\/\/aula15.com\/wp-content\/uploads\/2025\/05\/Diseno-sin-titulo-2-1.jpg\",\"width\":750,\"height\":422},{\"@type\":\"BreadcrumbList\",\"@id\":\"https:\/\/aula15.com\/index.php\/2025\/05\/22\/mas-alla-del-diagnostico-el-valor-de-la-mirada-pedagogica\/#breadcrumb\",\"itemListElement\":[{\"@type\":\"ListItem\",\"position\":1,\"name\":\"Inicio\",\"item\":\"https:\/\/aula15.com\/\"},{\"@type\":\"ListItem\",\"position\":2,\"name\":\"M\u00e1s all\u00e1 del diagn\u00f3stico: El valor de la mirada pedag\u00f3gica\"}]},{\"@type\":\"WebSite\",\"@id\":\"https:\/\/aula15.com\/#website\",\"url\":\"https:\/\/aula15.com\/\",\"name\":\"Aula 15\",\"description\":\"Todo sobre Educaci\u00f3n\",\"potentialAction\":[{\"@type\":\"SearchAction\",\"target\":{\"@type\":\"EntryPoint\",\"urlTemplate\":\"https:\/\/aula15.com\/?s={search_term_string}\"},\"query-input\":{\"@type\":\"PropertyValueSpecification\",\"valueRequired\":true,\"valueName\":\"search_term_string\"}}],\"inLanguage\":\"es\"},{\"@type\":\"Person\",\"@id\":\"https:\/\/aula15.com\/#\/schema\/person\/16de3cbdcca539b2733f8d0f8cfac7f2\",\"name\":\"Maria Canto\",\"image\":{\"@type\":\"ImageObject\",\"inLanguage\":\"es\",\"@id\":\"https:\/\/aula15.com\/#\/schema\/person\/image\/\",\"url\":\"https:\/\/aula15.com\/wp-content\/uploads\/2025\/05\/WhatsApp-Image-2025-05-09-at-12.11.00-PM-150x150.jpeg\",\"contentUrl\":\"https:\/\/aula15.com\/wp-content\/uploads\/2025\/05\/WhatsApp-Image-2025-05-09-at-12.11.00-PM-150x150.jpeg\",\"caption\":\"Maria Canto\"},\"sameAs\":[\"http:\/\/mcanto0404\"],\"url\":\"https:\/\/aula15.com\/index.php\/author\/maria04\/\"}]}<\/script>\n<!-- \/ Yoast SEO plugin. -->","yoast_head_json":{"title":"M\u00e1s all\u00e1 del diagn\u00f3stico: El valor de la mirada pedag\u00f3gica - Aula 15","description":"Explora c\u00f3mo la observaci\u00f3n pedag\u00f3gica complementa el diagn\u00f3stico cl\u00ednico para atender de forma integral las NEE en el aula educativa.","robots":{"index":"index","follow":"follow","max-snippet":"max-snippet:-1","max-image-preview":"max-image-preview:large","max-video-preview":"max-video-preview:-1"},"canonical":"https:\/\/aula15.com\/index.php\/2025\/05\/22\/mas-alla-del-diagnostico-el-valor-de-la-mirada-pedagogica\/","og_locale":"es_MX","og_type":"article","og_title":"M\u00e1s all\u00e1 del diagn\u00f3stico: El valor de la mirada pedag\u00f3gica - Aula 15","og_description":"Explora c\u00f3mo la observaci\u00f3n pedag\u00f3gica complementa el diagn\u00f3stico cl\u00ednico para atender de forma integral las NEE en el aula educativa.","og_url":"https:\/\/aula15.com\/index.php\/2025\/05\/22\/mas-alla-del-diagnostico-el-valor-de-la-mirada-pedagogica\/","og_site_name":"Aula 15","article_published_time":"2025-05-23T02:19:52+00:00","og_image":[{"width":750,"height":422,"url":"https:\/\/aula15.com\/wp-content\/uploads\/2025\/05\/Diseno-sin-titulo-2-1.jpg","type":"image\/jpeg"}],"author":"Maria Canto","twitter_card":"summary_large_image","twitter_misc":{"Escrito por":"Maria Canto","Tiempo de lectura":"3 minutos"},"schema":{"@context":"https:\/\/schema.org","@graph":[{"@type":"WebPage","@id":"https:\/\/aula15.com\/index.php\/2025\/05\/22\/mas-alla-del-diagnostico-el-valor-de-la-mirada-pedagogica\/","url":"https:\/\/aula15.com\/index.php\/2025\/05\/22\/mas-alla-del-diagnostico-el-valor-de-la-mirada-pedagogica\/","name":"M\u00e1s all\u00e1 del diagn\u00f3stico: El valor de la mirada pedag\u00f3gica - Aula 15","isPartOf":{"@id":"https:\/\/aula15.com\/#website"},"primaryImageOfPage":{"@id":"https:\/\/aula15.com\/index.php\/2025\/05\/22\/mas-alla-del-diagnostico-el-valor-de-la-mirada-pedagogica\/#primaryimage"},"image":{"@id":"https:\/\/aula15.com\/index.php\/2025\/05\/22\/mas-alla-del-diagnostico-el-valor-de-la-mirada-pedagogica\/#primaryimage"},"thumbnailUrl":"https:\/\/aula15.com\/wp-content\/uploads\/2025\/05\/Diseno-sin-titulo-2-1.jpg","datePublished":"2025-05-23T02:19:52+00:00","author":{"@id":"https:\/\/aula15.com\/#\/schema\/person\/16de3cbdcca539b2733f8d0f8cfac7f2"},"description":"Explora c\u00f3mo la observaci\u00f3n pedag\u00f3gica complementa el diagn\u00f3stico cl\u00ednico para atender de forma integral las NEE en el aula educativa.","breadcrumb":{"@id":"https:\/\/aula15.com\/index.php\/2025\/05\/22\/mas-alla-del-diagnostico-el-valor-de-la-mirada-pedagogica\/#breadcrumb"},"inLanguage":"es","potentialAction":[{"@type":"ReadAction","target":["https:\/\/aula15.com\/index.php\/2025\/05\/22\/mas-alla-del-diagnostico-el-valor-de-la-mirada-pedagogica\/"]}]},{"@type":"ImageObject","inLanguage":"es","@id":"https:\/\/aula15.com\/index.php\/2025\/05\/22\/mas-alla-del-diagnostico-el-valor-de-la-mirada-pedagogica\/#primaryimage","url":"https:\/\/aula15.com\/wp-content\/uploads\/2025\/05\/Diseno-sin-titulo-2-1.jpg","contentUrl":"https:\/\/aula15.com\/wp-content\/uploads\/2025\/05\/Diseno-sin-titulo-2-1.jpg","width":750,"height":422},{"@type":"BreadcrumbList","@id":"https:\/\/aula15.com\/index.php\/2025\/05\/22\/mas-alla-del-diagnostico-el-valor-de-la-mirada-pedagogica\/#breadcrumb","itemListElement":[{"@type":"ListItem","position":1,"name":"Inicio","item":"https:\/\/aula15.com\/"},{"@type":"ListItem","position":2,"name":"M\u00e1s all\u00e1 del diagn\u00f3stico: El valor de la mirada pedag\u00f3gica"}]},{"@type":"WebSite","@id":"https:\/\/aula15.com\/#website","url":"https:\/\/aula15.com\/","name":"Aula 15","description":"Todo sobre Educaci\u00f3n","potentialAction":[{"@type":"SearchAction","target":{"@type":"EntryPoint","urlTemplate":"https:\/\/aula15.com\/?s={search_term_string}"},"query-input":{"@type":"PropertyValueSpecification","valueRequired":true,"valueName":"search_term_string"}}],"inLanguage":"es"},{"@type":"Person","@id":"https:\/\/aula15.com\/#\/schema\/person\/16de3cbdcca539b2733f8d0f8cfac7f2","name":"Maria Canto","image":{"@type":"ImageObject","inLanguage":"es","@id":"https:\/\/aula15.com\/#\/schema\/person\/image\/","url":"https:\/\/aula15.com\/wp-content\/uploads\/2025\/05\/WhatsApp-Image-2025-05-09-at-12.11.00-PM-150x150.jpeg","contentUrl":"https:\/\/aula15.com\/wp-content\/uploads\/2025\/05\/WhatsApp-Image-2025-05-09-at-12.11.00-PM-150x150.jpeg","caption":"Maria Canto"},"sameAs":["http:\/\/mcanto0404"],"url":"https:\/\/aula15.com\/index.php\/author\/maria04\/"}]}},"jetpack_featured_media_url":"https:\/\/aula15.com\/wp-content\/uploads\/2025\/05\/Diseno-sin-titulo-2-1.jpg","jetpack-related-posts":[],"jetpack_sharing_enabled":true,"_links":{"self":[{"href":"https:\/\/aula15.com\/index.php\/wp-json\/wp\/v2\/posts\/5318","targetHints":{"allow":["GET"]}}],"collection":[{"href":"https:\/\/aula15.com\/index.php\/wp-json\/wp\/v2\/posts"}],"about":[{"href":"https:\/\/aula15.com\/index.php\/wp-json\/wp\/v2\/types\/post"}],"author":[{"embeddable":true,"href":"https:\/\/aula15.com\/index.php\/wp-json\/wp\/v2\/users\/69"}],"replies":[{"embeddable":true,"href":"https:\/\/aula15.com\/index.php\/wp-json\/wp\/v2\/comments?post=5318"}],"version-history":[{"count":1,"href":"https:\/\/aula15.com\/index.php\/wp-json\/wp\/v2\/posts\/5318\/revisions"}],"predecessor-version":[{"id":5323,"href":"https:\/\/aula15.com\/index.php\/wp-json\/wp\/v2\/posts\/5318\/revisions\/5323"}],"wp:featuredmedia":[{"embeddable":true,"href":"https:\/\/aula15.com\/index.php\/wp-json\/wp\/v2\/media\/5320"}],"wp:attachment":[{"href":"https:\/\/aula15.com\/index.php\/wp-json\/wp\/v2\/media?parent=5318"}],"wp:term":[{"taxonomy":"category","embeddable":true,"href":"https:\/\/aula15.com\/index.php\/wp-json\/wp\/v2\/categories?post=5318"},{"taxonomy":"post_tag","embeddable":true,"href":"https:\/\/aula15.com\/index.php\/wp-json\/wp\/v2\/tags?post=5318"}],"curies":[{"name":"wp","href":"https:\/\/api.w.org\/{rel}","templated":true}]}}