{"id":5286,"date":"2025-05-22T07:00:22","date_gmt":"2025-05-22T13:00:22","guid":{"rendered":"https:\/\/aula15.com\/?p=5286"},"modified":"2025-05-22T07:46:22","modified_gmt":"2025-05-22T13:46:22","slug":"y-si-te-pones-en-mis-zapatos-la-empatia-como-base-del-desarrollo-integral","status":"publish","type":"post","link":"https:\/\/aula15.com\/index.php\/2025\/05\/22\/y-si-te-pones-en-mis-zapatos-la-empatia-como-base-del-desarrollo-integral\/","title":{"rendered":"\u00bfY si te pones en mis zapatos?, la empat\u00eda como base del desarrollo integral"},"content":{"rendered":"<h6 data-start=\"197\" data-end=\"269\">En el contexto educativo actual, hablar de <a href=\"https:\/\/aula15.com\/index.php\/2025\/05\/01\/el-aula-como-espacio-seguro-en-la-educacion-socioemocional\/\">educaci\u00f3n socioemocional<\/a> implica reconocer la importancia de formar no solo habilidades cognitivas, sino tambi\u00e9n capacidades que permitan una convivencia arm\u00f3nica. Dentro de este enfoque, la empat\u00eda se posiciona como una competencia esencial que favorece el bienestar individual y colectivo. Comprender y compartir las emociones de los dem\u00e1s no solo fortalece las relaciones interpersonales, sino que tambi\u00e9n permite crear entornos de aprendizaje m\u00e1s respetuosos, colaborativos y humanos. <a href=\"https:\/\/aula15.com\/index.php\/2025\/05\/01\/el-aula-como-espacio-seguro-en-la-educacion-socioemocional\/\">En este art\u00edculo descubrir\u00e1s por qu\u00e9 desarrollar la empat\u00eda<\/a> es un pilar fundamental en el crecimiento emocional de los estudiantes y c\u00f3mo fomentar esta habilidad desde la escuela.<\/h6>\n<figure id=\"attachment_5285\" aria-describedby=\"caption-attachment-5285\" style=\"width: 300px\" class=\"wp-caption aligncenter\"><img loading=\"lazy\" decoding=\"async\" class=\"size-medium wp-image-5285\" src=\"https:\/\/aula15.com\/wp-content\/uploads\/2025\/05\/Aula-18-300x201.png\" alt=\"La empat\u00eda es importante \" width=\"300\" height=\"201\" srcset=\"https:\/\/aula15.com\/wp-content\/uploads\/2025\/05\/Aula-18-300x201.png 300w, https:\/\/aula15.com\/wp-content\/uploads\/2025\/05\/Aula-18-768x515.png 768w, https:\/\/aula15.com\/wp-content\/uploads\/2025\/05\/Aula-18-696x467.png 696w, https:\/\/aula15.com\/wp-content\/uploads\/2025\/05\/Aula-18-626x420.png 626w, https:\/\/aula15.com\/wp-content\/uploads\/2025\/05\/Aula-18.png 927w\" sizes=\"auto, (max-width: 300px) 100vw, 300px\" \/><figcaption id=\"caption-attachment-5285\" class=\"wp-caption-text\">La empat\u00eda es importante<\/figcaption><\/figure>\n<h2 class=\"\" data-start=\"992\" data-end=\"1040\">\u00bfPor qu\u00e9 fomentar la empat\u00eda en la educaci\u00f3n?<\/h2>\n<p class=\"\" data-start=\"1042\" data-end=\"1395\">El desarrollo de la empat\u00eda es clave para la construcci\u00f3n de v\u00ednculos significativos y la <a href=\"https:\/\/aula15.com\/index.php\/2025\/05\/18\/educacion-socioemocional-clave-para-el-bienestar-y-el-aprendizaje\/\">integraci\u00f3n en la vida social.<\/a> Esta habilidad permite ponerse en el lugar del otro, comprender diferentes perspectivas y responder con sensibilidad ante las emociones ajenas. Desde el \u00e1mbito educativo, potenciar la empat\u00eda aporta beneficios a corto y largo plazo:<\/p>\n<ul data-start=\"1397\" data-end=\"2018\">\n<li class=\"\" data-start=\"1397\" data-end=\"1565\">\n<p class=\"\" data-start=\"1399\" data-end=\"1565\"><strong data-start=\"1399\" data-end=\"1435\">Promueve el bienestar emocional:<\/strong> Comprender las emociones propias y ajenas favorece la autorregulaci\u00f3n, la resiliencia y una visi\u00f3n m\u00e1s amplia de las situaciones.<\/p>\n<\/li>\n<li class=\"\" data-start=\"1566\" data-end=\"1719\">\n<p class=\"\" data-start=\"1568\" data-end=\"1719\"><strong data-start=\"1568\" data-end=\"1604\">Fortalece los v\u00ednculos sociales:<\/strong> Una comunidad escolar emp\u00e1tica genera confianza, respeto y sentido de pertenencia, lo que mejora el clima escolar.<\/p>\n<\/li>\n<li class=\"\" data-start=\"1720\" data-end=\"1854\">\n<p class=\"\" data-start=\"1722\" data-end=\"1854\"><strong data-start=\"1722\" data-end=\"1763\">Facilita la resoluci\u00f3n de conflictos:<\/strong> Mirar desde la perspectiva del otro ayuda a encontrar soluciones pac\u00edficas y consensuadas.<\/p>\n<\/li>\n<li class=\"\" data-start=\"1855\" data-end=\"2018\">\n<p class=\"\" data-start=\"1857\" data-end=\"2018\"><strong data-start=\"1857\" data-end=\"1892\">Mejora el trabajo colaborativo:<\/strong> La empat\u00eda impulsa la escucha activa, disminuye los malentendidos y promueve una comunicaci\u00f3n efectiva dentro de los equipos.<\/p>\n<\/li>\n<\/ul>\n<p class=\"\" data-start=\"2020\" data-end=\"2246\">Seg\u00fan el Manual de Empat\u00eda de la SEP (2024), esta habilidad es uno de los pilares de la experiencia humana y est\u00e1 estrechamente vinculada al desarrollo de otras <strong data-start=\"2181\" data-end=\"2205\">habilidades sociales<\/strong> fundamentales para la vida en comunidad.<\/p>\n<h2 class=\"\" data-start=\"2430\" data-end=\"2488\">Factores que influyen en la empat\u00eda durante la infancia<\/h2>\n<p class=\"\" data-start=\"2490\" data-end=\"2605\">Existen diversos elementos que inciden en el desarrollo emp\u00e1tico en los ni\u00f1os. Entre los principales se encuentran:<\/p>\n<ul data-start=\"2607\" data-end=\"3270\">\n<li class=\"\" data-start=\"2607\" data-end=\"2759\">\n<p class=\"\" data-start=\"2609\" data-end=\"2759\"><strong data-start=\"2609\" data-end=\"2643\">El entorno familiar y escolar:<\/strong> Un ambiente afectivo, seguro y que promueve la expresi\u00f3n emocional favorece el surgimiento de respuestas emp\u00e1ticas.<\/p>\n<\/li>\n<li class=\"\" data-start=\"2760\" data-end=\"2905\">\n<p class=\"\" data-start=\"2762\" data-end=\"2905\"><strong data-start=\"2762\" data-end=\"2796\">Los modelos de comportamiento:<\/strong> Ni\u00f1as y ni\u00f1os aprenden observando. Ver a adultos expresar empat\u00eda influye significativamente en su conducta.<\/p>\n<\/li>\n<li class=\"\" data-start=\"2906\" data-end=\"3270\">\n<p class=\"\" data-start=\"2908\" data-end=\"3270\"><strong data-start=\"2908\" data-end=\"2955\">Los medios de comunicaci\u00f3n y la tecnolog\u00eda:<\/strong> Aunque pueden ser herramientas \u00fatiles, tambi\u00e9n conllevan riesgos. Los contenidos audiovisuales pueden facilitar el aprendizaje emocional si se eligen de forma adecuada. Por ejemplo, al conectarse emocionalmente con personajes de historias, los menores comprenden realidades distintas y ampl\u00edan su visi\u00f3n del mundo.<\/p>\n<\/li>\n<\/ul>\n<h2 class=\"\" data-start=\"3455\" data-end=\"3505\">Estrategias para cultivar la empat\u00eda en el aula<\/h2>\n<p class=\"\" data-start=\"3507\" data-end=\"3653\">Los educadores desempe\u00f1an un papel fundamental en la promoci\u00f3n de la empat\u00eda desde la escuela. Algunas acciones clave para implementarla incluyen:<\/p>\n<ul data-start=\"3655\" data-end=\"4393\">\n<li class=\"\" data-start=\"3655\" data-end=\"3800\">\n<p class=\"\" data-start=\"3657\" data-end=\"3800\"><strong data-start=\"3657\" data-end=\"3684\">Ser ejemplo de empat\u00eda:<\/strong> Mostrar respeto, escuchar activamente y validar las emociones de los estudiantes crea una cultura de cuidado mutuo.<\/p>\n<\/li>\n<li class=\"\" data-start=\"3801\" data-end=\"3950\">\n<p class=\"\" data-start=\"3803\" data-end=\"3950\"><strong data-start=\"3803\" data-end=\"3841\">Educar en habilidades emocionales:<\/strong> Ense\u00f1ar a identificar, nombrar y manejar las emociones propias es el primer paso para comprender las ajenas.<\/p>\n<\/li>\n<li class=\"\" data-start=\"3951\" data-end=\"4109\">\n<p class=\"\" data-start=\"3953\" data-end=\"4109\"><strong data-start=\"3953\" data-end=\"3991\">Fomentar el cambio de perspectiva:<\/strong> A trav\u00e9s de actividades como juegos de roles, cuentos o debates, se estimula la comprensi\u00f3n de otros puntos de vista.<\/p>\n<\/li>\n<li class=\"\" data-start=\"4110\" data-end=\"4233\">\n<p class=\"\" data-start=\"4112\" data-end=\"4233\"><strong data-start=\"4112\" data-end=\"4146\">Impulsar el trabajo en equipo:<\/strong> Participar en din\u00e1micas grupales promueve el di\u00e1logo, la cooperaci\u00f3n y la solidaridad.<\/p>\n<\/li>\n<li class=\"\" data-start=\"4234\" data-end=\"4393\">\n<p class=\"\" data-start=\"4236\" data-end=\"4393\"><strong data-start=\"4236\" data-end=\"4271\">Practicar la empat\u00eda compasiva:<\/strong> No se trata solo de comprender, sino tambi\u00e9n de actuar con intenci\u00f3n de ayudar, apoyar o consolar a quienes lo necesitan.<\/p>\n<\/li>\n<\/ul>\n<p class=\"\" data-start=\"4395\" data-end=\"4553\">Estas estrategias no solo mejoran el ambiente en el aula, sino que tambi\u00e9n preparan a los alumnos para interactuar con empat\u00eda en diversos contextos sociales.<\/p>\n<div class=\"youtube-embed\" data-video_id=\"EPqOEWwkXyo\"><iframe loading=\"lazy\" title=\"Qu\u00e9 es la empat\u00eda y c\u00f3mo desarrollarla en los ni\u00f1os. Rafa Guerrero, psic\u00f3logo\" width=\"696\" height=\"392\" src=\"https:\/\/www.youtube.com\/embed\/EPqOEWwkXyo?feature=oembed&#038;enablejsapi=1\" frameborder=\"0\" allow=\"accelerometer; autoplay; clipboard-write; encrypted-media; gyroscope; picture-in-picture; web-share\" referrerpolicy=\"strict-origin-when-cross-origin\" allowfullscreen><\/iframe><\/div>\n<h2 class=\"\" data-start=\"4555\" data-end=\"4604\">Discusi\u00f3n<\/h2>\n<p class=\"\" data-start=\"4606\" data-end=\"4960\">La <strong data-start=\"4609\" data-end=\"4637\">educaci\u00f3n socioemocional<\/strong> no puede concebirse sin la empat\u00eda. Esta habilidad, adem\u00e1s de facilitar la convivencia y la resoluci\u00f3n de conflictos, permite formar ciudadanos m\u00e1s conscientes, solidarios y comprometidos con su entorno. Al integrar pr\u00e1cticas emp\u00e1ticas en la ense\u00f1anza, se contribuye a una educaci\u00f3n m\u00e1s humana, equitativa y significativa.<\/p>\n<p data-start=\"4606\" data-end=\"4960\"><strong>Encuentra m\u00e1s informaci\u00f3n en:\u00a0<\/strong><\/p>\n<blockquote class=\"wp-embedded-content\" data-secret=\"mtV0gPSXdx\"><p><a href=\"https:\/\/aula15.com\/index.php\/2025\/05\/08\/estrategias-para-desarrollar-la-autorregulacion-en-ninos\/\">Estrategias de autorregulaci\u00f3n para ni\u00f1os<\/a><\/p><\/blockquote>\n<p><iframe loading=\"lazy\" class=\"wp-embedded-content\" sandbox=\"allow-scripts\" security=\"restricted\" style=\"position: absolute; visibility: hidden;\" title=\"&#8220;Estrategias de autorregulaci\u00f3n para ni\u00f1os&#8221; &#8212; Aula 15\" src=\"https:\/\/aula15.com\/index.php\/2025\/05\/08\/estrategias-para-desarrollar-la-autorregulacion-en-ninos\/embed\/#?secret=GaTdcDC2CV#?secret=mtV0gPSXdx\" data-secret=\"mtV0gPSXdx\" width=\"600\" height=\"338\" frameborder=\"0\" marginwidth=\"0\" marginheight=\"0\" scrolling=\"no\"><\/iframe><\/p>\n<blockquote class=\"wp-embedded-content\" data-secret=\"XQOAsf9UpB\"><p><a href=\"https:\/\/aula15.com\/index.php\/2025\/05\/01\/el-aula-como-espacio-seguro-en-la-educacion-socioemocional\/\">El aula como espacio seguro en la educaci\u00f3n socioemocional<\/a><\/p><\/blockquote>\n<p><iframe loading=\"lazy\" class=\"wp-embedded-content\" sandbox=\"allow-scripts\" security=\"restricted\" style=\"position: absolute; visibility: hidden;\" title=\"&#8220;El aula como espacio seguro en la educaci\u00f3n socioemocional&#8221; &#8212; Aula 15\" src=\"https:\/\/aula15.com\/index.php\/2025\/05\/01\/el-aula-como-espacio-seguro-en-la-educacion-socioemocional\/embed\/#?secret=bGPqhRP7YY#?secret=XQOAsf9UpB\" data-secret=\"XQOAsf9UpB\" width=\"600\" height=\"338\" frameborder=\"0\" marginwidth=\"0\" marginheight=\"0\" scrolling=\"no\"><\/iframe><\/p>\n<p data-start=\"4606\" data-end=\"4960\"><strong>Referencias<\/strong><\/p>\n<p class=\"\" data-start=\"117\" data-end=\"279\">Secretar\u00eda de Educaci\u00f3n P\u00fablica. (2024). <em data-start=\"158\" data-end=\"177\">Manual de empat\u00eda<\/em>. SEP. <a class=\"\" href=\"https:\/\/educacionbasica.sep.gob.mx\/wp-content\/uploads\/2024\/05\/Manual-empatia-VF_18abril2024.pdf\" target=\"_new\" rel=\"noopener\" data-start=\"184\" data-end=\"279\">https:\/\/educacionbasica.sep.gob.mx\/wp-content\/uploads\/2024\/05\/Manual-empatia-VF_18abril2024.pdf<\/a><\/p>\n<p class=\"\" data-start=\"281\" data-end=\"506\">Secretar\u00eda de Educaci\u00f3n P\u00fablica. (2024). \u00bfPor qu\u00e9 es importante desarrollar empat\u00eda? SEP. <a class=\"\" href=\"https:\/\/educacionbasica.sep.gob.mx\/manual-de-empatia\/#:~:text=El%20desarrollo%20de%20la%20empat%C3%ADa,parte%20de%20un%20grupo%20social\" target=\"_new\" rel=\"noopener\" data-start=\"371\" data-end=\"506\">https:\/\/educacionbasica.sep.gob.mx\/manual-de-empatia\/#:~:text=El%20desarrollo%20de%20la%20empat%C3%ADa,parte%20de%20un%20grupo%20social<\/a><\/p>\n<p class=\"\" data-start=\"508\" data-end=\"795\">Rojas, M., y Cisternas, P. (2023). La importancia de la empat\u00eda en el desarrollo emocional y social de los ni\u00f1os. <em data-start=\"622\" data-end=\"636\">Revista RAES<\/em>. Universidad Central de Chile. <a class=\"\" href=\"https:\/\/raes.ucentral.cl\/index.php\/la-importancia-de-la-empat%C3%ADa-en-el-desarrollo-emocional-y-social-de-los-ni%C3%B1os.html\" target=\"_new\" rel=\"noopener\" data-start=\"668\" data-end=\"795\">https:\/\/raes.ucentral.cl\/index.php\/la-importancia-de-la-empat%C3%ADa-en-el-desarrollo-emocional-y-social-de-los-ni%C3%B1os.html<\/a><\/p>\n<p class=\"\" data-start=\"4967\" data-end=\"5232\"><strong data-start=\"4967\" data-end=\"4978\">Aula 15<\/strong> es un espacio digital dedicado a la educaci\u00f3n actual, con contenidos sobre formaci\u00f3n docente, inclusi\u00f3n, tecnolog\u00eda educativa, leyes, enfoques pedag\u00f3gicos y bienestar socioemocional. Descubre recursos, noticias y estrategias que inspiran el aprendizaje.<\/p>\n<p class=\"\" data-start=\"5234\" data-end=\"5442\">\u00a9 2025 Aula 15 | Educaci\u00f3n para transformar. Todos los derechos reservados.<br data-start=\"5309\" data-end=\"5312\" \/>\ud83d\udccd M\u00e9rida, Yucat\u00e1n | \ud83c\udf10 <a class=\"\" href=\"http:\/\/www.aula15.com\" target=\"_new\" rel=\"noopener\" data-start=\"5336\" data-end=\"5375\">www.aula15.com<\/a><br data-start=\"5375\" data-end=\"5378\" \/>S\u00edguenos en redes sociales: [<a href=\"https:\/\/www.facebook.com\/profile.php?id=61551943593214&amp;mibextid=wwXIfr&amp;rdid=LP0OVNreII8DM83Y&amp;share_url=https%3A%2F%2Fwww.facebook.com%2Fshare%2F16GnGGhDLX%2F%3Fmibextid%3DwwXIfr#\">Facebook<\/a>] \u2022 [<a href=\"https:\/\/www.instagram.com\/auuulaaaa_15?igsh=NHQ5b3poYmU3MWRm&amp;utm_source=qr\">Instagram<\/a>] \u2022 [<a href=\"https:\/\/www.threads.com\/@auuulaaaa_15?igshid=NTc4MTIwNjQ2YQ==\">Threads<\/a>] \u2022 [<a href=\"https:\/\/www.tiktok.com\/@aula15umsa?_t=ZS-8w7Mxt0qRI0&amp;_r=1\">TikTok<\/a>]<\/p>\n","protected":false},"excerpt":{"rendered":"<p>En el contexto educativo actual, hablar de educaci\u00f3n socioemocional implica reconocer la importancia de formar no solo habilidades cognitivas, sino tambi\u00e9n capacidades que permitan una convivencia arm\u00f3nica. Dentro de este enfoque, la empat\u00eda se posiciona como una competencia esencial que favorece el bienestar individual y colectivo. Comprender y compartir las emociones de los dem\u00e1s no [&hellip;]<\/p>\n","protected":false},"author":71,"featured_media":5284,"comment_status":"open","ping_status":"open","sticky":false,"template":"","format":"standard","meta":{"om_disable_all_campaigns":false,"_monsterinsights_skip_tracking":false,"_monsterinsights_sitenote_active":false,"_monsterinsights_sitenote_note":"","_monsterinsights_sitenote_category":0,"tdm_status":"","tdm_grid_status":"","_jetpack_memberships_contains_paid_content":false,"footnotes":""},"categories":[35,268],"tags":[],"class_list":{"0":"post-5286","1":"post","2":"type-post","3":"status-publish","4":"format-standard","5":"has-post-thumbnail","7":"category-educacion","8":"category-socioemocional"},"yoast_head":"<!-- This site is optimized with the Yoast SEO plugin v24.8.1 - https:\/\/yoast.com\/wordpress\/plugins\/seo\/ -->\n<title>\u00bfY si te pones en mis zapatos?, la empat\u00eda como base del desarrollo integral - Aula 15<\/title>\n<meta name=\"description\" content=\"En este articulo podr\u00e1 encontrar informaci\u00f3n relevante e interesante con relaci\u00f3n a la empat\u00eda que muchas veces necesitamos trabajar.\" \/>\n<meta name=\"robots\" content=\"index, follow, max-snippet:-1, max-image-preview:large, max-video-preview:-1\" \/>\n<link rel=\"canonical\" href=\"https:\/\/aula15.com\/index.php\/2025\/05\/22\/y-si-te-pones-en-mis-zapatos-la-empatia-como-base-del-desarrollo-integral\/\" \/>\n<meta property=\"og:locale\" content=\"es_MX\" \/>\n<meta property=\"og:type\" content=\"article\" \/>\n<meta property=\"og:title\" content=\"\u00bfY si te pones en mis zapatos?, la empat\u00eda como base del desarrollo integral - Aula 15\" \/>\n<meta property=\"og:description\" content=\"En este articulo podr\u00e1 encontrar informaci\u00f3n relevante e interesante con relaci\u00f3n a la empat\u00eda que muchas veces necesitamos trabajar.\" \/>\n<meta property=\"og:url\" content=\"https:\/\/aula15.com\/index.php\/2025\/05\/22\/y-si-te-pones-en-mis-zapatos-la-empatia-como-base-del-desarrollo-integral\/\" \/>\n<meta property=\"og:site_name\" content=\"Aula 15\" \/>\n<meta property=\"article:published_time\" content=\"2025-05-22T13:00:22+00:00\" \/>\n<meta property=\"article:modified_time\" content=\"2025-05-22T13:46:22+00:00\" \/>\n<meta property=\"og:image\" content=\"https:\/\/aula15.com\/wp-content\/uploads\/2025\/05\/Aula-19.png\" \/>\n\t<meta property=\"og:image:width\" content=\"927\" \/>\n\t<meta property=\"og:image:height\" content=\"622\" \/>\n\t<meta property=\"og:image:type\" content=\"image\/png\" \/>\n<meta name=\"author\" content=\"Monica Pat\" \/>\n<meta name=\"twitter:card\" content=\"summary_large_image\" \/>\n<meta name=\"twitter:label1\" content=\"Escrito por\" \/>\n\t<meta name=\"twitter:data1\" content=\"Monica Pat\" \/>\n\t<meta name=\"twitter:label2\" content=\"Tiempo de lectura\" \/>\n\t<meta name=\"twitter:data2\" content=\"4 minutos\" \/>\n<script type=\"application\/ld+json\" class=\"yoast-schema-graph\">{\"@context\":\"https:\/\/schema.org\",\"@graph\":[{\"@type\":\"WebPage\",\"@id\":\"https:\/\/aula15.com\/index.php\/2025\/05\/22\/y-si-te-pones-en-mis-zapatos-la-empatia-como-base-del-desarrollo-integral\/\",\"url\":\"https:\/\/aula15.com\/index.php\/2025\/05\/22\/y-si-te-pones-en-mis-zapatos-la-empatia-como-base-del-desarrollo-integral\/\",\"name\":\"\u00bfY si te pones en mis zapatos?, la empat\u00eda como base del desarrollo integral - Aula 15\",\"isPartOf\":{\"@id\":\"https:\/\/aula15.com\/#website\"},\"primaryImageOfPage\":{\"@id\":\"https:\/\/aula15.com\/index.php\/2025\/05\/22\/y-si-te-pones-en-mis-zapatos-la-empatia-como-base-del-desarrollo-integral\/#primaryimage\"},\"image\":{\"@id\":\"https:\/\/aula15.com\/index.php\/2025\/05\/22\/y-si-te-pones-en-mis-zapatos-la-empatia-como-base-del-desarrollo-integral\/#primaryimage\"},\"thumbnailUrl\":\"https:\/\/aula15.com\/wp-content\/uploads\/2025\/05\/Aula-19.png\",\"datePublished\":\"2025-05-22T13:00:22+00:00\",\"dateModified\":\"2025-05-22T13:46:22+00:00\",\"author\":{\"@id\":\"https:\/\/aula15.com\/#\/schema\/person\/849915db657a22dda618b746445ba17e\"},\"description\":\"En este articulo podr\u00e1 encontrar informaci\u00f3n relevante e interesante con relaci\u00f3n a la empat\u00eda que muchas veces necesitamos trabajar.\",\"breadcrumb\":{\"@id\":\"https:\/\/aula15.com\/index.php\/2025\/05\/22\/y-si-te-pones-en-mis-zapatos-la-empatia-como-base-del-desarrollo-integral\/#breadcrumb\"},\"inLanguage\":\"es\",\"potentialAction\":[{\"@type\":\"ReadAction\",\"target\":[\"https:\/\/aula15.com\/index.php\/2025\/05\/22\/y-si-te-pones-en-mis-zapatos-la-empatia-como-base-del-desarrollo-integral\/\"]}]},{\"@type\":\"ImageObject\",\"inLanguage\":\"es\",\"@id\":\"https:\/\/aula15.com\/index.php\/2025\/05\/22\/y-si-te-pones-en-mis-zapatos-la-empatia-como-base-del-desarrollo-integral\/#primaryimage\",\"url\":\"https:\/\/aula15.com\/wp-content\/uploads\/2025\/05\/Aula-19.png\",\"contentUrl\":\"https:\/\/aula15.com\/wp-content\/uploads\/2025\/05\/Aula-19.png\",\"width\":927,\"height\":622,\"caption\":\"la empat\u00eda es importante\"},{\"@type\":\"BreadcrumbList\",\"@id\":\"https:\/\/aula15.com\/index.php\/2025\/05\/22\/y-si-te-pones-en-mis-zapatos-la-empatia-como-base-del-desarrollo-integral\/#breadcrumb\",\"itemListElement\":[{\"@type\":\"ListItem\",\"position\":1,\"name\":\"Inicio\",\"item\":\"https:\/\/aula15.com\/\"},{\"@type\":\"ListItem\",\"position\":2,\"name\":\"\u00bfY si te pones en mis zapatos?, la empat\u00eda como base del desarrollo integral\"}]},{\"@type\":\"WebSite\",\"@id\":\"https:\/\/aula15.com\/#website\",\"url\":\"https:\/\/aula15.com\/\",\"name\":\"Aula 15\",\"description\":\"Todo sobre Educaci\u00f3n\",\"potentialAction\":[{\"@type\":\"SearchAction\",\"target\":{\"@type\":\"EntryPoint\",\"urlTemplate\":\"https:\/\/aula15.com\/?s={search_term_string}\"},\"query-input\":{\"@type\":\"PropertyValueSpecification\",\"valueRequired\":true,\"valueName\":\"search_term_string\"}}],\"inLanguage\":\"es\"},{\"@type\":\"Person\",\"@id\":\"https:\/\/aula15.com\/#\/schema\/person\/849915db657a22dda618b746445ba17e\",\"name\":\"Monica Pat\",\"image\":{\"@type\":\"ImageObject\",\"inLanguage\":\"es\",\"@id\":\"https:\/\/aula15.com\/#\/schema\/person\/image\/\",\"url\":\"https:\/\/aula15.com\/wp-content\/uploads\/2025\/05\/WhatsApp-Image-2024-02-24-at-11.06.40-PM-150x150.jpg\",\"contentUrl\":\"https:\/\/aula15.com\/wp-content\/uploads\/2025\/05\/WhatsApp-Image-2024-02-24-at-11.06.40-PM-150x150.jpg\",\"caption\":\"Monica Pat\"},\"url\":\"https:\/\/aula15.com\/index.php\/author\/mon06\/\"}]}<\/script>\n<!-- \/ Yoast SEO plugin. -->","yoast_head_json":{"title":"\u00bfY si te pones en mis zapatos?, la empat\u00eda como base del desarrollo integral - Aula 15","description":"En este articulo podr\u00e1 encontrar informaci\u00f3n relevante e interesante con relaci\u00f3n a la empat\u00eda que muchas veces necesitamos trabajar.","robots":{"index":"index","follow":"follow","max-snippet":"max-snippet:-1","max-image-preview":"max-image-preview:large","max-video-preview":"max-video-preview:-1"},"canonical":"https:\/\/aula15.com\/index.php\/2025\/05\/22\/y-si-te-pones-en-mis-zapatos-la-empatia-como-base-del-desarrollo-integral\/","og_locale":"es_MX","og_type":"article","og_title":"\u00bfY si te pones en mis zapatos?, la empat\u00eda como base del desarrollo integral - Aula 15","og_description":"En este articulo podr\u00e1 encontrar informaci\u00f3n relevante e interesante con relaci\u00f3n a la empat\u00eda que muchas veces necesitamos trabajar.","og_url":"https:\/\/aula15.com\/index.php\/2025\/05\/22\/y-si-te-pones-en-mis-zapatos-la-empatia-como-base-del-desarrollo-integral\/","og_site_name":"Aula 15","article_published_time":"2025-05-22T13:00:22+00:00","article_modified_time":"2025-05-22T13:46:22+00:00","og_image":[{"width":927,"height":622,"url":"https:\/\/aula15.com\/wp-content\/uploads\/2025\/05\/Aula-19.png","type":"image\/png"}],"author":"Monica Pat","twitter_card":"summary_large_image","twitter_misc":{"Escrito por":"Monica Pat","Tiempo de lectura":"4 minutos"},"schema":{"@context":"https:\/\/schema.org","@graph":[{"@type":"WebPage","@id":"https:\/\/aula15.com\/index.php\/2025\/05\/22\/y-si-te-pones-en-mis-zapatos-la-empatia-como-base-del-desarrollo-integral\/","url":"https:\/\/aula15.com\/index.php\/2025\/05\/22\/y-si-te-pones-en-mis-zapatos-la-empatia-como-base-del-desarrollo-integral\/","name":"\u00bfY si te pones en mis zapatos?, la empat\u00eda como base del desarrollo integral - Aula 15","isPartOf":{"@id":"https:\/\/aula15.com\/#website"},"primaryImageOfPage":{"@id":"https:\/\/aula15.com\/index.php\/2025\/05\/22\/y-si-te-pones-en-mis-zapatos-la-empatia-como-base-del-desarrollo-integral\/#primaryimage"},"image":{"@id":"https:\/\/aula15.com\/index.php\/2025\/05\/22\/y-si-te-pones-en-mis-zapatos-la-empatia-como-base-del-desarrollo-integral\/#primaryimage"},"thumbnailUrl":"https:\/\/aula15.com\/wp-content\/uploads\/2025\/05\/Aula-19.png","datePublished":"2025-05-22T13:00:22+00:00","dateModified":"2025-05-22T13:46:22+00:00","author":{"@id":"https:\/\/aula15.com\/#\/schema\/person\/849915db657a22dda618b746445ba17e"},"description":"En este articulo podr\u00e1 encontrar informaci\u00f3n relevante e interesante con relaci\u00f3n a la empat\u00eda que muchas veces necesitamos trabajar.","breadcrumb":{"@id":"https:\/\/aula15.com\/index.php\/2025\/05\/22\/y-si-te-pones-en-mis-zapatos-la-empatia-como-base-del-desarrollo-integral\/#breadcrumb"},"inLanguage":"es","potentialAction":[{"@type":"ReadAction","target":["https:\/\/aula15.com\/index.php\/2025\/05\/22\/y-si-te-pones-en-mis-zapatos-la-empatia-como-base-del-desarrollo-integral\/"]}]},{"@type":"ImageObject","inLanguage":"es","@id":"https:\/\/aula15.com\/index.php\/2025\/05\/22\/y-si-te-pones-en-mis-zapatos-la-empatia-como-base-del-desarrollo-integral\/#primaryimage","url":"https:\/\/aula15.com\/wp-content\/uploads\/2025\/05\/Aula-19.png","contentUrl":"https:\/\/aula15.com\/wp-content\/uploads\/2025\/05\/Aula-19.png","width":927,"height":622,"caption":"la empat\u00eda es importante"},{"@type":"BreadcrumbList","@id":"https:\/\/aula15.com\/index.php\/2025\/05\/22\/y-si-te-pones-en-mis-zapatos-la-empatia-como-base-del-desarrollo-integral\/#breadcrumb","itemListElement":[{"@type":"ListItem","position":1,"name":"Inicio","item":"https:\/\/aula15.com\/"},{"@type":"ListItem","position":2,"name":"\u00bfY si te pones en mis zapatos?, la empat\u00eda como base del desarrollo integral"}]},{"@type":"WebSite","@id":"https:\/\/aula15.com\/#website","url":"https:\/\/aula15.com\/","name":"Aula 15","description":"Todo sobre Educaci\u00f3n","potentialAction":[{"@type":"SearchAction","target":{"@type":"EntryPoint","urlTemplate":"https:\/\/aula15.com\/?s={search_term_string}"},"query-input":{"@type":"PropertyValueSpecification","valueRequired":true,"valueName":"search_term_string"}}],"inLanguage":"es"},{"@type":"Person","@id":"https:\/\/aula15.com\/#\/schema\/person\/849915db657a22dda618b746445ba17e","name":"Monica Pat","image":{"@type":"ImageObject","inLanguage":"es","@id":"https:\/\/aula15.com\/#\/schema\/person\/image\/","url":"https:\/\/aula15.com\/wp-content\/uploads\/2025\/05\/WhatsApp-Image-2024-02-24-at-11.06.40-PM-150x150.jpg","contentUrl":"https:\/\/aula15.com\/wp-content\/uploads\/2025\/05\/WhatsApp-Image-2024-02-24-at-11.06.40-PM-150x150.jpg","caption":"Monica Pat"},"url":"https:\/\/aula15.com\/index.php\/author\/mon06\/"}]}},"jetpack_featured_media_url":"https:\/\/aula15.com\/wp-content\/uploads\/2025\/05\/Aula-19.png","jetpack-related-posts":[],"jetpack_sharing_enabled":true,"_links":{"self":[{"href":"https:\/\/aula15.com\/index.php\/wp-json\/wp\/v2\/posts\/5286","targetHints":{"allow":["GET"]}}],"collection":[{"href":"https:\/\/aula15.com\/index.php\/wp-json\/wp\/v2\/posts"}],"about":[{"href":"https:\/\/aula15.com\/index.php\/wp-json\/wp\/v2\/types\/post"}],"author":[{"embeddable":true,"href":"https:\/\/aula15.com\/index.php\/wp-json\/wp\/v2\/users\/71"}],"replies":[{"embeddable":true,"href":"https:\/\/aula15.com\/index.php\/wp-json\/wp\/v2\/comments?post=5286"}],"version-history":[{"count":3,"href":"https:\/\/aula15.com\/index.php\/wp-json\/wp\/v2\/posts\/5286\/revisions"}],"predecessor-version":[{"id":5307,"href":"https:\/\/aula15.com\/index.php\/wp-json\/wp\/v2\/posts\/5286\/revisions\/5307"}],"wp:featuredmedia":[{"embeddable":true,"href":"https:\/\/aula15.com\/index.php\/wp-json\/wp\/v2\/media\/5284"}],"wp:attachment":[{"href":"https:\/\/aula15.com\/index.php\/wp-json\/wp\/v2\/media?parent=5286"}],"wp:term":[{"taxonomy":"category","embeddable":true,"href":"https:\/\/aula15.com\/index.php\/wp-json\/wp\/v2\/categories?post=5286"},{"taxonomy":"post_tag","embeddable":true,"href":"https:\/\/aula15.com\/index.php\/wp-json\/wp\/v2\/tags?post=5286"}],"curies":[{"name":"wp","href":"https:\/\/api.w.org\/{rel}","templated":true}]}}