{"id":4894,"date":"2025-05-12T08:00:37","date_gmt":"2025-05-12T14:00:37","guid":{"rendered":"https:\/\/aula15.com\/?p=4894"},"modified":"2025-05-12T20:16:59","modified_gmt":"2025-05-13T02:16:59","slug":"protocolos-legales-ante-casos-de-acoso-escolar-en-mexico","status":"publish","type":"post","link":"https:\/\/aula15.com\/index.php\/2025\/05\/12\/protocolos-legales-ante-casos-de-acoso-escolar-en-mexico\/","title":{"rendered":"Protocolos legales ante casos de acoso escolar en M\u00e9xico"},"content":{"rendered":"<p>El acoso escolar es una realidad que afecta a miles de estudiantes en M\u00e9xico, pero no es un problema sin soluci\u00f3n. Para enfrentarlo, las autoridades han establecido <strong data-start=\"351\" data-end=\"373\">protocolos legales<\/strong> que deben ser aplicados en todas las escuelas con el fin de prevenir, detectar y actuar ante cualquier forma de violencia entre estudiantes. Conocer estos lineamientos es fundamental para proteger los derechos de ni\u00f1as, ni\u00f1os y adolescentes en el entorno escolar.<\/p>\n<h2 style=\"text-align: left;\"><strong>Protocolos legales ante casos de acoso escolar (bullying) en M\u00e9xico: lo que toda comunidad educativa debe saber<\/strong><\/h2>\n<p class=\"\" data-start=\"290\" data-end=\"641\">El acoso escolar, tambi\u00e9n conocido como <em data-start=\"330\" data-end=\"340\">bullying<\/em>, es un problema grave que afecta el desarrollo emocional, social y acad\u00e9mico de ni\u00f1as, ni\u00f1os y adolescentes. En M\u00e9xico, este fen\u00f3meno ha cobrado relevancia en los \u00faltimos a\u00f1os, y para enfrentarlo, las autoridades han establecido protocolos legales espec\u00edficos que toda escuela debe conocer y aplicar.<\/p>\n<p data-start=\"643\" data-end=\"688\"><strong>\ud83d\udccc \u00bfQu\u00e9 es el acoso escol<\/strong><strong>ar seg\u00fan la ley?<\/strong><\/p>\n<p class=\"\" style=\"text-align: left;\" data-start=\"690\" data-end=\"1076\">El acoso escolar se refiere a cualquier tipo de violencia f\u00edsica, verbal, psicol\u00f3gica o social entre estudiantes, que ocurre de forma repetida y con la intenci\u00f3n de da\u00f1ar. Aunque no existe una sola ley federal que defina el <em data-start=\"914\" data-end=\"924\">bullying<\/em>, diversos marcos legales lo abordan, como la <strong data-start=\"970\" data-end=\"1032\">Ley General de los Derechos de Ni\u00f1as, Ni\u00f1os y Adolescentes<\/strong> (LGDNNA) y la <a href=\"https:\/\/aula15.com\/index.php\/2025\/04\/28\/derechos-que-protegen-al-docente-ley-general-de-la-educacion\/\"><strong data-start=\"1047\" data-end=\"1075\">Ley General de Educaci\u00f3n<\/strong>.<\/a><\/p>\n<p><iframe loading=\"lazy\" title=\"\u00bfQu\u00e9 es acoso escolar?\" width=\"696\" height=\"392\" src=\"https:\/\/www.youtube.com\/embed\/jrNJStBcrzs?feature=oembed\" frameborder=\"0\" allow=\"accelerometer; autoplay; clipboard-write; encrypted-media; gyroscope; picture-in-picture; web-share\" referrerpolicy=\"strict-origin-when-cross-origin\" allowfullscreen><\/iframe><\/p>\n<p class=\"\" data-start=\"1078\" data-end=\"1252\">Estas leyes reconocen el derecho de los estudiantes a una educaci\u00f3n libre de violencia y obligan a las autoridades educativas a implementar medidas preventivas y correctivas.<\/p>\n<blockquote>\n<p style=\"text-align: left;\">\u201cLas autoridades educativas deber\u00e1n garantizar ambientes escolares seguros, pac\u00edficos y libres de violencia\u201d (Secretar\u00eda de Gobernaci\u00f3n, 2023).<\/p>\n<\/blockquote>\n<h2 style=\"text-align: left;\" data-start=\"1401\" data-end=\"1456\"><strong>\u2696\ufe0f \u00bfQu\u00e9 protocolos legales existen en las escuelas?<\/strong><\/h2>\n<p class=\"\" data-start=\"1458\" data-end=\"1638\">En M\u00e9xico, cada entidad federativa puede tener lineamientos espec\u00edficos, pero a nivel nacional, se establecen acciones clave que deben seguir las escuelas ante casos de <em data-start=\"1627\" data-end=\"1637\">bullying<\/em>:<\/p>\n<p data-start=\"1640\" data-end=\"1662\">1. <strong>Prevenci\u00f3n<\/strong><\/p>\n<ul data-start=\"1663\" data-end=\"1863\">\n<li class=\"\" data-start=\"1663\" data-end=\"1733\">\n<p class=\"\" data-start=\"1665\" data-end=\"1733\">Promover el respeto, la empat\u00eda y la sana convivencia desde el aula.<\/p>\n<\/li>\n<li class=\"\" data-start=\"1734\" data-end=\"1786\">\n<p class=\"\" data-start=\"1736\" data-end=\"1786\">Implementar programas de educaci\u00f3n socioemocional.<\/p>\n<\/li>\n<li class=\"\" data-start=\"1787\" data-end=\"1863\">\n<p class=\"\" data-start=\"1789\" data-end=\"1863\">Capacitar a docentes y personal escolar para identificar se\u00f1ales de acoso.<\/p>\n<\/li>\n<\/ul>\n<p data-start=\"1865\" data-end=\"1886\">2. <a href=\"https:\/\/www.gob.mx\/cms\/uploads\/attachment\/file\/295965\/Protocolo_Queretaro.pdf\"><strong data-start=\"1873\" data-end=\"1886\">Detecci\u00f3n<\/strong><\/a><\/p>\n<ul data-start=\"1887\" data-end=\"2038\">\n<li class=\"\" data-start=\"1887\" data-end=\"1972\">\n<p class=\"\" data-start=\"1889\" data-end=\"1972\">Observar conductas recurrentes de intimidaci\u00f3n, aislamiento, amenazas o agresiones.<\/p>\n<\/li>\n<li class=\"\" data-start=\"1973\" data-end=\"2038\">\n<p class=\"\" data-start=\"1975\" data-end=\"2038\">Escuchar y tomar en serio los reportes de estudiantes o padres.<\/p>\n<\/li>\n<\/ul>\n<p data-start=\"2040\" data-end=\"2064\">3. <strong data-start=\"2048\" data-end=\"2064\">Intervenci\u00f3n<\/strong><\/p>\n<ul data-start=\"2065\" data-end=\"2324\">\n<li class=\"\" data-start=\"2065\" data-end=\"2117\">\n<p class=\"\" data-start=\"2067\" data-end=\"2117\">Activar protocolos internos de atenci\u00f3n inmediata.<\/p>\n<\/li>\n<li class=\"\" data-start=\"2118\" data-end=\"2172\">\n<p class=\"\" data-start=\"2120\" data-end=\"2172\">Informar a los padres o tutores de los involucrados.<\/p>\n<\/li>\n<li class=\"\" data-start=\"2173\" data-end=\"2237\">\n<p class=\"\" data-start=\"2175\" data-end=\"2237\">Aplicar medidas disciplinarias conforme al Reglamento Escolar.<\/p>\n<\/li>\n<li class=\"\" data-start=\"2238\" data-end=\"2324\">\n<p class=\"\" data-start=\"2240\" data-end=\"2324\">Garantizar apoyo psicol\u00f3gico a la v\u00edctima y trabajo de reintegraci\u00f3n con el agresor.<\/p>\n<\/li>\n<\/ul>\n<p data-start=\"2326\" data-end=\"2350\">4. <strong data-start=\"2334\" data-end=\"2350\">Notificaci\u00f3n<\/strong><\/p>\n<ul data-start=\"2351\" data-end=\"2515\">\n<li class=\"\" data-start=\"2351\" data-end=\"2515\">\n<p class=\"\" data-start=\"2353\" data-end=\"2515\">En casos graves, se debe notificar a la autoridad educativa local y, de ser necesario, al Ministerio P\u00fablico, especialmente si hay riesgos a la integridad f\u00edsica.<\/p>\n<\/li>\n<\/ul>\n<blockquote data-start=\"2517\" data-end=\"2665\">\n<p style=\"text-align: left;\">\u201cToda instituci\u00f3n educativa est\u00e1 obligada a actuar en casos de violencia escolar, bajo el principio del inter\u00e9s superior de la ni\u00f1ez\u201d (SEP, 2022).<\/p>\n<p data-start=\"2519\" data-end=\"2665\"><img loading=\"lazy\" decoding=\"async\" class=\"alignnone wp-image-4999\" src=\"https:\/\/aula15.com\/wp-content\/uploads\/2025\/05\/Protocolos-escolares-4-300x201.png\" alt=\"Protocolos\" width=\"360\" height=\"241\" srcset=\"https:\/\/aula15.com\/wp-content\/uploads\/2025\/05\/Protocolos-escolares-4-300x201.png 300w, https:\/\/aula15.com\/wp-content\/uploads\/2025\/05\/Protocolos-escolares-4-768x515.png 768w, https:\/\/aula15.com\/wp-content\/uploads\/2025\/05\/Protocolos-escolares-4-696x467.png 696w, https:\/\/aula15.com\/wp-content\/uploads\/2025\/05\/Protocolos-escolares-4-626x420.png 626w, https:\/\/aula15.com\/wp-content\/uploads\/2025\/05\/Protocolos-escolares-4.png 927w\" sizes=\"auto, (max-width: 360px) 100vw, 360px\" \/><\/p>\n<\/blockquote>\n<h2 data-start=\"2667\" data-end=\"2708\"><strong>\ud83e\udde9 \u00bfQu\u00e9 pasa si una escuela no act\u00faa?<\/strong><\/h2>\n<p class=\"\" data-start=\"2710\" data-end=\"2852\">Cuando una instituci\u00f3n educativa ignora o minimiza los casos de <em data-start=\"2774\" data-end=\"2784\">bullying<\/em>, puede incurrir en responsabilidad legal por omisi\u00f3n. Esto incluye:<\/p>\n<ul data-start=\"2854\" data-end=\"3049\">\n<li class=\"\" data-start=\"2854\" data-end=\"2930\">\n<p class=\"\" data-start=\"2856\" data-end=\"2930\"><strong data-start=\"2856\" data-end=\"2885\">Sanciones administrativas<\/strong> por parte de la SEP o autoridades estatales.<\/p>\n<\/li>\n<li class=\"\" data-start=\"2931\" data-end=\"2987\">\n<p class=\"\" data-start=\"2933\" data-end=\"2987\"><strong data-start=\"2933\" data-end=\"2953\">Demandas civiles<\/strong> por da\u00f1os psicol\u00f3gicos o f\u00edsicos.<\/p>\n<\/li>\n<li class=\"\" data-start=\"2988\" data-end=\"3049\">\n<p class=\"\" data-start=\"2990\" data-end=\"3049\"><strong data-start=\"2990\" data-end=\"3048\">Intervenci\u00f3n del DIF o la Comisi\u00f3n de Derechos Humanos<\/strong>.<\/p>\n<\/li>\n<\/ul>\n<p data-start=\"3051\" data-end=\"3099\"><strong>\ud83d\udee1\ufe0f \u00bfQu\u00e9 pueden hacer los padres de familia?<\/strong><\/p>\n<ul data-start=\"3101\" data-end=\"3369\">\n<li class=\"\" data-start=\"3101\" data-end=\"3183\">\n<p class=\"\" data-start=\"3103\" data-end=\"3183\">Reportar por escrito cualquier caso de acoso escolar a la direcci\u00f3n del plantel.<\/p>\n<\/li>\n<li class=\"\" data-start=\"3184\" data-end=\"3237\">\n<p class=\"\" data-start=\"3186\" data-end=\"3237\">Solicitar la activaci\u00f3n del protocolo de actuaci\u00f3n.<\/p>\n<\/li>\n<li class=\"\" data-start=\"3238\" data-end=\"3369\">\n<p class=\"\" data-start=\"3240\" data-end=\"3369\">En casos graves, acudir a la Procuradur\u00eda de Protecci\u00f3n de Ni\u00f1as, Ni\u00f1os y Adolescentes o a la Comisi\u00f3n de Derechos Humanos local.<\/p>\n<\/li>\n<\/ul>\n<h2 data-start=\"3376\" data-end=\"3392\">\u2705 Conclusi\u00f3n<\/h2>\n<p class=\"\" data-start=\"3394\" data-end=\"3675\">El acoso escolar no es un juego, es un problema legal, social y humano que debe ser atendido con firmeza. Adem\u00e1s, conocer los protocolos legales no solo protege a las v\u00edctimas, tambi\u00e9n fortalece a la comunidad escolar en su conjunto. \u00a1La prevenci\u00f3n comienza con la informaci\u00f3n y la acci\u00f3n!<\/p>\n<p data-start=\"3682\" data-end=\"3714\"><strong>\ud83d\udcda Referencias\u00a0<\/strong><\/p>\n<p class=\"\" data-start=\"3716\" data-end=\"3888\">Secretar\u00eda de Gobernaci\u00f3n. (2023). <em data-start=\"3751\" data-end=\"3811\">Ley General de los Derechos de Ni\u00f1as, Ni\u00f1os y Adolescentes<\/em>. Gobierno de M\u00e9xico. <a class=\"cursor-pointer\" target=\"_new\" rel=\"noopener\" data-start=\"3833\" data-end=\"3888\">https:\/\/www.diputados.gob.mx\/LeyesBiblio\/pdf\/LGDNNA.pdf<\/a><\/p>\n<p class=\"\" data-start=\"3890\" data-end=\"4047\">Secretar\u00eda de Educaci\u00f3n P\u00fablica (SEP). (2022). <em data-start=\"3937\" data-end=\"4023\">Lineamientos para la prevenci\u00f3n, detecci\u00f3n y actuaci\u00f3n en casos de violencia escolar<\/em>. <a class=\"cursor-pointer\" target=\"_new\" rel=\"noopener\" data-start=\"4025\" data-end=\"4047\">https:\/\/www.sep.gob.mx<\/a><\/p>\n<p class=\"\" data-start=\"4049\" data-end=\"4215\">Comisi\u00f3n Nacional de los Derechos Humanos (CNDH). (2021). <em data-start=\"4107\" data-end=\"4155\">Recomendaciones para prevenir el acoso escolar<\/em>. <a class=\"cursor-pointer\" target=\"_new\" rel=\"noopener\" data-start=\"4157\" data-end=\"4215\">https:\/\/www.cndh.org.mx\/documento\/recomendaciones-bullying<\/a><\/p>\n<p class=\"\" data-start=\"4217\" data-end=\"4391\">Sistema Nacional de Protecci\u00f3n Integral de Ni\u00f1as, Ni\u00f1os y Adolescentes (SIPINNA). (2023). <em data-start=\"4307\" data-end=\"4363\">Protocolo de actuaci\u00f3n ante casos de violencia escolar<\/em>. <a class=\"cursor-pointer\" target=\"_new\" rel=\"noopener\" data-start=\"4365\" data-end=\"4391\">https:\/\/www.gob.mx\/sipinna<\/a><\/p>\n<p>Aula 15 es un espacio digital dedicado a la educaci\u00f3n actual, con contenidos sobre formaci\u00f3n docente, inclusi\u00f3n, tecnolog\u00eda educativa, leyes, enfoques pedag\u00f3gicos y bienestar socioemocional. Descubre recursos, noticias y estrategias que inspiran el aprendizaje.<\/p>\n<p>\u00a9 2025 Aula 15 | Educaci\u00f3n para transformar. Todos los derechos reservados.<\/p>\n<p>\ud83d\udccd M\u00e9rida, Yucat\u00e1n | \ud83c\udf10\u00a0<a href=\"http:\/\/www.aula15.com\/\">www.aula15.com<\/a><\/p>\n<p>S\u00edguenos en redes sociales: [<a href=\"https:\/\/www.facebook.com\/share\/15tww4y5sy\/?mibextid=wwXIfr\">Facebook<\/a>] \u2022 [<a href=\"https:\/\/www.instagram.com\/auuulaaaa_15?igsh=MWNsNDhxaWxlNjlpZg==\">Instagram<\/a>] \u2022 [<a href=\"https:\/\/www.threads.net\/@auuulaaaa_15\">Threads<\/a>]<span style=\"font-weight: 400;\">\u2022<\/span><span style=\"font-weight: 400;\">\u00a0[<\/span><a href=\"https:\/\/www.tiktok.com\/@aula15umsa?lang=es\"><span style=\"font-weight: 400;\">TikTok<\/span><\/a><span style=\"font-weight: 400;\">]\u00a0<\/span><\/p>\n","protected":false},"excerpt":{"rendered":"<p>El acoso escolar es una realidad que afecta a miles de estudiantes en M\u00e9xico, pero no es un problema sin soluci\u00f3n. Para enfrentarlo, las autoridades han establecido protocolos legales que deben ser aplicados en todas las escuelas con el fin de prevenir, detectar y actuar ante cualquier forma de violencia entre estudiantes. Conocer estos lineamientos [&hellip;]<\/p>\n","protected":false},"author":70,"featured_media":4997,"comment_status":"open","ping_status":"open","sticky":false,"template":"","format":"standard","meta":{"om_disable_all_campaigns":false,"_monsterinsights_skip_tracking":false,"_monsterinsights_sitenote_active":false,"_monsterinsights_sitenote_note":"","_monsterinsights_sitenote_category":0,"tdm_status":"","tdm_grid_status":"","_jetpack_memberships_contains_paid_content":false,"footnotes":""},"categories":[35,375],"tags":[],"class_list":{"0":"post-4894","1":"post","2":"type-post","3":"status-publish","4":"format-standard","5":"has-post-thumbnail","7":"category-educacion","8":"category-leyes"},"yoast_head":"<!-- This site is optimized with the Yoast SEO plugin v24.8.1 - https:\/\/yoast.com\/wordpress\/plugins\/seo\/ -->\n<title>Protocolos legales ante casos de acoso escolar en M\u00e9xico - Aula 15<\/title>\n<meta name=\"description\" content=\"Es fundamental conocer y aplicar los protocolos legales ante el acoso escolar para garantizar un entorno seguro y respetuoso\" \/>\n<meta name=\"robots\" content=\"index, follow, max-snippet:-1, max-image-preview:large, max-video-preview:-1\" \/>\n<link rel=\"canonical\" href=\"https:\/\/aula15.com\/index.php\/2025\/05\/12\/protocolos-legales-ante-casos-de-acoso-escolar-en-mexico\/\" \/>\n<meta property=\"og:locale\" content=\"es_MX\" \/>\n<meta property=\"og:type\" content=\"article\" \/>\n<meta property=\"og:title\" content=\"Protocolos legales ante casos de acoso escolar en M\u00e9xico - Aula 15\" \/>\n<meta property=\"og:description\" content=\"Es fundamental conocer y aplicar los protocolos legales ante el acoso escolar para garantizar un entorno seguro y respetuoso\" \/>\n<meta property=\"og:url\" content=\"https:\/\/aula15.com\/index.php\/2025\/05\/12\/protocolos-legales-ante-casos-de-acoso-escolar-en-mexico\/\" \/>\n<meta property=\"og:site_name\" content=\"Aula 15\" \/>\n<meta property=\"article:published_time\" content=\"2025-05-12T14:00:37+00:00\" \/>\n<meta property=\"article:modified_time\" content=\"2025-05-13T02:16:59+00:00\" \/>\n<meta property=\"og:image\" content=\"https:\/\/aula15.com\/wp-content\/uploads\/2025\/05\/Protocolos-escolares-3.png\" \/>\n\t<meta property=\"og:image:width\" content=\"927\" \/>\n\t<meta property=\"og:image:height\" content=\"622\" \/>\n\t<meta property=\"og:image:type\" content=\"image\/png\" \/>\n<meta name=\"author\" content=\"Arely Gongora\" \/>\n<meta name=\"twitter:card\" content=\"summary_large_image\" \/>\n<meta name=\"twitter:label1\" content=\"Escrito por\" \/>\n\t<meta name=\"twitter:data1\" content=\"Arely Gongora\" \/>\n\t<meta name=\"twitter:label2\" content=\"Tiempo de lectura\" \/>\n\t<meta name=\"twitter:data2\" content=\"4 minutos\" \/>\n<script type=\"application\/ld+json\" class=\"yoast-schema-graph\">{\"@context\":\"https:\/\/schema.org\",\"@graph\":[{\"@type\":\"WebPage\",\"@id\":\"https:\/\/aula15.com\/index.php\/2025\/05\/12\/protocolos-legales-ante-casos-de-acoso-escolar-en-mexico\/\",\"url\":\"https:\/\/aula15.com\/index.php\/2025\/05\/12\/protocolos-legales-ante-casos-de-acoso-escolar-en-mexico\/\",\"name\":\"Protocolos legales ante casos de acoso escolar en M\u00e9xico - Aula 15\",\"isPartOf\":{\"@id\":\"https:\/\/aula15.com\/#website\"},\"primaryImageOfPage\":{\"@id\":\"https:\/\/aula15.com\/index.php\/2025\/05\/12\/protocolos-legales-ante-casos-de-acoso-escolar-en-mexico\/#primaryimage\"},\"image\":{\"@id\":\"https:\/\/aula15.com\/index.php\/2025\/05\/12\/protocolos-legales-ante-casos-de-acoso-escolar-en-mexico\/#primaryimage\"},\"thumbnailUrl\":\"https:\/\/aula15.com\/wp-content\/uploads\/2025\/05\/Protocolos-escolares-3.png\",\"datePublished\":\"2025-05-12T14:00:37+00:00\",\"dateModified\":\"2025-05-13T02:16:59+00:00\",\"author\":{\"@id\":\"https:\/\/aula15.com\/#\/schema\/person\/29e9f574dfd7177b5f889ec63f7b89bc\"},\"description\":\"Es fundamental conocer y aplicar los protocolos legales ante el acoso escolar para garantizar un entorno seguro y respetuoso\",\"breadcrumb\":{\"@id\":\"https:\/\/aula15.com\/index.php\/2025\/05\/12\/protocolos-legales-ante-casos-de-acoso-escolar-en-mexico\/#breadcrumb\"},\"inLanguage\":\"es\",\"potentialAction\":[{\"@type\":\"ReadAction\",\"target\":[\"https:\/\/aula15.com\/index.php\/2025\/05\/12\/protocolos-legales-ante-casos-de-acoso-escolar-en-mexico\/\"]}]},{\"@type\":\"ImageObject\",\"inLanguage\":\"es\",\"@id\":\"https:\/\/aula15.com\/index.php\/2025\/05\/12\/protocolos-legales-ante-casos-de-acoso-escolar-en-mexico\/#primaryimage\",\"url\":\"https:\/\/aula15.com\/wp-content\/uploads\/2025\/05\/Protocolos-escolares-3.png\",\"contentUrl\":\"https:\/\/aula15.com\/wp-content\/uploads\/2025\/05\/Protocolos-escolares-3.png\",\"width\":927,\"height\":622,\"caption\":\"Protocolos\"},{\"@type\":\"BreadcrumbList\",\"@id\":\"https:\/\/aula15.com\/index.php\/2025\/05\/12\/protocolos-legales-ante-casos-de-acoso-escolar-en-mexico\/#breadcrumb\",\"itemListElement\":[{\"@type\":\"ListItem\",\"position\":1,\"name\":\"Inicio\",\"item\":\"https:\/\/aula15.com\/\"},{\"@type\":\"ListItem\",\"position\":2,\"name\":\"Protocolos legales ante casos de acoso escolar en M\u00e9xico\"}]},{\"@type\":\"WebSite\",\"@id\":\"https:\/\/aula15.com\/#website\",\"url\":\"https:\/\/aula15.com\/\",\"name\":\"Aula 15\",\"description\":\"Todo sobre Educaci\u00f3n\",\"potentialAction\":[{\"@type\":\"SearchAction\",\"target\":{\"@type\":\"EntryPoint\",\"urlTemplate\":\"https:\/\/aula15.com\/?s={search_term_string}\"},\"query-input\":{\"@type\":\"PropertyValueSpecification\",\"valueRequired\":true,\"valueName\":\"search_term_string\"}}],\"inLanguage\":\"es\"},{\"@type\":\"Person\",\"@id\":\"https:\/\/aula15.com\/#\/schema\/person\/29e9f574dfd7177b5f889ec63f7b89bc\",\"name\":\"Arely Gongora\",\"image\":{\"@type\":\"ImageObject\",\"inLanguage\":\"es\",\"@id\":\"https:\/\/aula15.com\/#\/schema\/person\/image\/\",\"url\":\"https:\/\/aula15.com\/wp-content\/uploads\/2025\/05\/WhatsApp-Image-2025-05-09-at-12.29.58-PM-150x150.jpeg\",\"contentUrl\":\"https:\/\/aula15.com\/wp-content\/uploads\/2025\/05\/WhatsApp-Image-2025-05-09-at-12.29.58-PM-150x150.jpeg\",\"caption\":\"Arely Gongora\"},\"url\":\"https:\/\/aula15.com\/index.php\/author\/arely05\/\"}]}<\/script>\n<!-- \/ Yoast SEO plugin. -->","yoast_head_json":{"title":"Protocolos legales ante casos de acoso escolar en M\u00e9xico - Aula 15","description":"Es fundamental conocer y aplicar los protocolos legales ante el acoso escolar para garantizar un entorno seguro y respetuoso","robots":{"index":"index","follow":"follow","max-snippet":"max-snippet:-1","max-image-preview":"max-image-preview:large","max-video-preview":"max-video-preview:-1"},"canonical":"https:\/\/aula15.com\/index.php\/2025\/05\/12\/protocolos-legales-ante-casos-de-acoso-escolar-en-mexico\/","og_locale":"es_MX","og_type":"article","og_title":"Protocolos legales ante casos de acoso escolar en M\u00e9xico - Aula 15","og_description":"Es fundamental conocer y aplicar los protocolos legales ante el acoso escolar para garantizar un entorno seguro y respetuoso","og_url":"https:\/\/aula15.com\/index.php\/2025\/05\/12\/protocolos-legales-ante-casos-de-acoso-escolar-en-mexico\/","og_site_name":"Aula 15","article_published_time":"2025-05-12T14:00:37+00:00","article_modified_time":"2025-05-13T02:16:59+00:00","og_image":[{"width":927,"height":622,"url":"https:\/\/aula15.com\/wp-content\/uploads\/2025\/05\/Protocolos-escolares-3.png","type":"image\/png"}],"author":"Arely Gongora","twitter_card":"summary_large_image","twitter_misc":{"Escrito por":"Arely Gongora","Tiempo de lectura":"4 minutos"},"schema":{"@context":"https:\/\/schema.org","@graph":[{"@type":"WebPage","@id":"https:\/\/aula15.com\/index.php\/2025\/05\/12\/protocolos-legales-ante-casos-de-acoso-escolar-en-mexico\/","url":"https:\/\/aula15.com\/index.php\/2025\/05\/12\/protocolos-legales-ante-casos-de-acoso-escolar-en-mexico\/","name":"Protocolos legales ante casos de acoso escolar en M\u00e9xico - Aula 15","isPartOf":{"@id":"https:\/\/aula15.com\/#website"},"primaryImageOfPage":{"@id":"https:\/\/aula15.com\/index.php\/2025\/05\/12\/protocolos-legales-ante-casos-de-acoso-escolar-en-mexico\/#primaryimage"},"image":{"@id":"https:\/\/aula15.com\/index.php\/2025\/05\/12\/protocolos-legales-ante-casos-de-acoso-escolar-en-mexico\/#primaryimage"},"thumbnailUrl":"https:\/\/aula15.com\/wp-content\/uploads\/2025\/05\/Protocolos-escolares-3.png","datePublished":"2025-05-12T14:00:37+00:00","dateModified":"2025-05-13T02:16:59+00:00","author":{"@id":"https:\/\/aula15.com\/#\/schema\/person\/29e9f574dfd7177b5f889ec63f7b89bc"},"description":"Es fundamental conocer y aplicar los protocolos legales ante el acoso escolar para garantizar un entorno seguro y respetuoso","breadcrumb":{"@id":"https:\/\/aula15.com\/index.php\/2025\/05\/12\/protocolos-legales-ante-casos-de-acoso-escolar-en-mexico\/#breadcrumb"},"inLanguage":"es","potentialAction":[{"@type":"ReadAction","target":["https:\/\/aula15.com\/index.php\/2025\/05\/12\/protocolos-legales-ante-casos-de-acoso-escolar-en-mexico\/"]}]},{"@type":"ImageObject","inLanguage":"es","@id":"https:\/\/aula15.com\/index.php\/2025\/05\/12\/protocolos-legales-ante-casos-de-acoso-escolar-en-mexico\/#primaryimage","url":"https:\/\/aula15.com\/wp-content\/uploads\/2025\/05\/Protocolos-escolares-3.png","contentUrl":"https:\/\/aula15.com\/wp-content\/uploads\/2025\/05\/Protocolos-escolares-3.png","width":927,"height":622,"caption":"Protocolos"},{"@type":"BreadcrumbList","@id":"https:\/\/aula15.com\/index.php\/2025\/05\/12\/protocolos-legales-ante-casos-de-acoso-escolar-en-mexico\/#breadcrumb","itemListElement":[{"@type":"ListItem","position":1,"name":"Inicio","item":"https:\/\/aula15.com\/"},{"@type":"ListItem","position":2,"name":"Protocolos legales ante casos de acoso escolar en M\u00e9xico"}]},{"@type":"WebSite","@id":"https:\/\/aula15.com\/#website","url":"https:\/\/aula15.com\/","name":"Aula 15","description":"Todo sobre Educaci\u00f3n","potentialAction":[{"@type":"SearchAction","target":{"@type":"EntryPoint","urlTemplate":"https:\/\/aula15.com\/?s={search_term_string}"},"query-input":{"@type":"PropertyValueSpecification","valueRequired":true,"valueName":"search_term_string"}}],"inLanguage":"es"},{"@type":"Person","@id":"https:\/\/aula15.com\/#\/schema\/person\/29e9f574dfd7177b5f889ec63f7b89bc","name":"Arely Gongora","image":{"@type":"ImageObject","inLanguage":"es","@id":"https:\/\/aula15.com\/#\/schema\/person\/image\/","url":"https:\/\/aula15.com\/wp-content\/uploads\/2025\/05\/WhatsApp-Image-2025-05-09-at-12.29.58-PM-150x150.jpeg","contentUrl":"https:\/\/aula15.com\/wp-content\/uploads\/2025\/05\/WhatsApp-Image-2025-05-09-at-12.29.58-PM-150x150.jpeg","caption":"Arely Gongora"},"url":"https:\/\/aula15.com\/index.php\/author\/arely05\/"}]}},"jetpack_featured_media_url":"https:\/\/aula15.com\/wp-content\/uploads\/2025\/05\/Protocolos-escolares-3.png","jetpack-related-posts":[],"jetpack_sharing_enabled":true,"_links":{"self":[{"href":"https:\/\/aula15.com\/index.php\/wp-json\/wp\/v2\/posts\/4894","targetHints":{"allow":["GET"]}}],"collection":[{"href":"https:\/\/aula15.com\/index.php\/wp-json\/wp\/v2\/posts"}],"about":[{"href":"https:\/\/aula15.com\/index.php\/wp-json\/wp\/v2\/types\/post"}],"author":[{"embeddable":true,"href":"https:\/\/aula15.com\/index.php\/wp-json\/wp\/v2\/users\/70"}],"replies":[{"embeddable":true,"href":"https:\/\/aula15.com\/index.php\/wp-json\/wp\/v2\/comments?post=4894"}],"version-history":[{"count":5,"href":"https:\/\/aula15.com\/index.php\/wp-json\/wp\/v2\/posts\/4894\/revisions"}],"predecessor-version":[{"id":5000,"href":"https:\/\/aula15.com\/index.php\/wp-json\/wp\/v2\/posts\/4894\/revisions\/5000"}],"wp:featuredmedia":[{"embeddable":true,"href":"https:\/\/aula15.com\/index.php\/wp-json\/wp\/v2\/media\/4997"}],"wp:attachment":[{"href":"https:\/\/aula15.com\/index.php\/wp-json\/wp\/v2\/media?parent=4894"}],"wp:term":[{"taxonomy":"category","embeddable":true,"href":"https:\/\/aula15.com\/index.php\/wp-json\/wp\/v2\/categories?post=4894"},{"taxonomy":"post_tag","embeddable":true,"href":"https:\/\/aula15.com\/index.php\/wp-json\/wp\/v2\/tags?post=4894"}],"curies":[{"name":"wp","href":"https:\/\/api.w.org\/{rel}","templated":true}]}}