{"id":4621,"date":"2025-05-05T00:55:02","date_gmt":"2025-05-05T06:55:02","guid":{"rendered":"https:\/\/aula15.com\/?p=4621"},"modified":"2025-05-05T20:49:40","modified_gmt":"2025-05-06T02:49:40","slug":"violencia-escolar-en-mexico-obligaciones-legales-de-las-escuelas","status":"publish","type":"post","link":"https:\/\/aula15.com\/index.php\/2025\/05\/05\/violencia-escolar-en-mexico-obligaciones-legales-de-las-escuelas\/","title":{"rendered":"Violencia escolar en M\u00e9xico: obligaciones legales de las escuelas"},"content":{"rendered":"<figure id=\"attachment_4623\" aria-describedby=\"caption-attachment-4623\" style=\"width: 269px\" class=\"wp-caption alignright\"><img loading=\"lazy\" decoding=\"async\" class=\" wp-image-4623\" src=\"https:\/\/aula15.com\/wp-content\/uploads\/2025\/05\/acoso-escolar-300x300.jpg\" alt=\"Imagen mostrando violencia escolar hacia una alumna\" width=\"269\" height=\"269\" srcset=\"https:\/\/aula15.com\/wp-content\/uploads\/2025\/05\/acoso-escolar-300x300.jpg 300w, https:\/\/aula15.com\/wp-content\/uploads\/2025\/05\/acoso-escolar-150x150.jpg 150w, https:\/\/aula15.com\/wp-content\/uploads\/2025\/05\/acoso-escolar.jpg 400w\" sizes=\"auto, (max-width: 269px) 100vw, 269px\" \/><figcaption id=\"caption-attachment-4623\" class=\"wp-caption-text\">violencia escolar hacia una alumna<\/figcaption><\/figure>\n<p class=\"\" data-start=\"543\" data-end=\"1162\">La violencia escolar es un problema constante en M\u00e9xico. Afecta los derechos b\u00e1sicos de ni\u00f1as, ni\u00f1os y adolescentes, y tiene consecuencias graves en su aprendizaje, su salud emocional y su desarrollo personal. De acuerdo con Vel\u00e1zquez (2025) se\u00f1ala que el INEGI, en 2022, casi 3 de cada 10 estudiantes entre 12 y 17 a\u00f1os dijeron haber sido v\u00edctimas de acoso escolar. Estas cifras muestran que no se trata de casos aislados, sino de una situaci\u00f3n que debe atenderse desde lo legal, lo educativo y lo institucional.<\/p>\n<h2 data-start=\"760\" data-end=\"808\">\u00bfQu\u00e9 dice la ley sobre la violencia escolar?<\/h2>\n<p class=\"\" data-start=\"810\" data-end=\"1157\">En M\u00e9xico, el acoso escolar est\u00e1 considerado como una forma de violencia que debe prevenirse y sancionarse. La <a href=\"https:\/\/www.diputados.gob.mx\/LeyesBiblio\/pdf\/LGDNNA.pdf\"><strong data-start=\"921\" data-end=\"983\">Ley General de los Derechos de Ni\u00f1as, Ni\u00f1os y Adolescentes<\/strong><\/a> establece que las escuelas deben ofrecer entornos seguros, libres de violencia y discriminaci\u00f3n. Esto significa que no es solo un deber moral, sino una <strong data-start=\"1136\" data-end=\"1156\">obligaci\u00f3n legal<\/strong>.<\/p>\n<p class=\"\" data-start=\"1159\" data-end=\"1475\">Por su parte, la <strong data-start=\"1176\" data-end=\"1204\">Ley General de Educaci\u00f3n<\/strong> indica en sus art\u00edculos 73 y 74 que las autoridades deben tener protocolos claros para prevenir, detectar y atender casos de acoso escolar, maltrato o abuso. No basta con aceptar que el problema existe; las escuelas tienen que tener <strong data-start=\"1438\" data-end=\"1474\">mecanismos concretos para actuar<\/strong>.<\/p>\n<p class=\"\" data-start=\"1477\" data-end=\"1862\">Magisterio Legal (2021) explica que la legislaci\u00f3n permite sancionar distintas formas de violencia escolar, tanto desde la v\u00eda administrativa como desde el derecho penal. En casos graves, estas acciones pueden ser consideradas delitos como lesiones, amenazas o abuso sexual. Esto implica consecuencias para los agresores y tambi\u00e9n para las autoridades escolares que no act\u00faan a tiempo.<\/p>\n<h3 class=\"\" data-start=\"1864\" data-end=\"1901\">Responsabilidades de las escuelas para afrontar la violencia escolar<\/h3>\n<p class=\"\" data-start=\"1903\" data-end=\"1979\">Las escuelas tienen tareas claras frente a este problema. Entre ellas est\u00e1n:<\/p>\n<ul>\n<li data-start=\"1983\" data-end=\"2013\">Aplicar protocolos de atenci\u00f3n<\/li>\n<li data-start=\"2016\" data-end=\"2039\">Capacitar a su personal<\/li>\n<li data-start=\"2042\" data-end=\"2087\">Fomentar una cultura de convivencia y respeto<\/li>\n<li data-start=\"2090\" data-end=\"2148\">Garantizar canales seguros y confidenciales para denunciar<\/li>\n<\/ul>\n<p class=\"\" data-start=\"2150\" data-end=\"2399\">Muchas veces, el error principal es no reaccionar ante las primeras se\u00f1ales. Cuando un estudiante reporta que lo molestan o lo agreden, la respuesta debe ser inmediata. Si no lo es, la escuela podr\u00eda ser responsable de los da\u00f1os que ocurran despu\u00e9s.<\/p>\n<p class=\"\" data-start=\"2401\" data-end=\"2623\">Una escuela con reglas claras y directivos comprometidos, los casos de acoso disminuyen. Por lo tanto, no se trata solo de castigar, sino de crear un <a href=\"https:\/\/aula15.com\/index.php\/2025\/05\/01\/el-aula-como-espacio-seguro-en-la-educacion-socioemocional\/\">ambiente<\/a> donde la violencia no tenga espacio.<\/p>\n<h3 class=\"\" data-start=\"2625\" data-end=\"2654\">La prevenci\u00f3n es la clave para la violencia<\/h3>\n<p class=\"\" data-start=\"2656\" data-end=\"2949\">Prevenir la violencia es m\u00e1s efectivo que actuar despu\u00e9s de que ocurre. Sin embargo, muchos planteles todav\u00eda ven los protocolos como un documento m\u00e1s que se guarda en un caj\u00f3n. Para que funcionen, deben ser conocidos por toda la comunidad, aplicados correctamente y revisados con regularidad.<\/p>\n<p class=\"\" data-start=\"2951\" data-end=\"3181\">Adem\u00e1s, la prevenci\u00f3n no es tarea solo de los docentes. Tambi\u00e9n deben participar madres, padres, autoridades y los propios estudiantes. Esto incluye reconocer pr\u00e1cticas que promueven la exclusi\u00f3n, la burla o la competencia da\u00f1ina.<\/p>\n<p class=\"\" data-start=\"3183\" data-end=\"3492\">La UNESCO ha advertido que la violencia escolar suele afectar m\u00e1s a quienes ya est\u00e1n en situaci\u00f3n de desventaja, como estudiantes con discapacidad, migrantes o que forman parte de grupos minoritarios. Por eso, las estrategias de prevenci\u00f3n deben basarse en <strong data-start=\"3440\" data-end=\"3491\">la equidad, los derechos humanos y la <a href=\"https:\/\/aula15.com\/index.php\/2025\/05\/02\/el-derecho-a-una-educacion-de-calidad-y-accesible-para-todos\/\">inclusi\u00f3n<\/a><\/strong>.<\/p>\n<h3 class=\"\" data-start=\"3494\" data-end=\"3508\">Conclusi\u00f3n<\/h3>\n<p class=\"\" data-start=\"3510\" data-end=\"3785\">La violencia escolar es un tema delicado y complejo, pero las leyes mexicanas ofrecen herramientas claras para enfrentarlo. Las escuelas tienen la responsabilidad de prevenir y actuar, no solo porque lo dice la ley, sino porque es la forma correcta de proteger a su alumnado.<\/p>\n<p class=\"\" data-start=\"3787\" data-end=\"4000\">Cumplir con estas obligaciones requiere voluntad, capacitaci\u00f3n y trabajo constante. Cuando una escuela se toma en serio este compromiso, se convierte en un <a href=\"https:\/\/www.unesco.org\/es\/health-education\/safe-learning-environments\">lugar seguro donde todos pueden aprender y crecer en paz<\/a>.<\/p>\n<p data-start=\"3787\" data-end=\"4000\"><strong>Referencias:<\/strong><\/p>\n<p data-start=\"3787\" data-end=\"4000\">Autoridad Educativa Federal en la Ciudad de M\u00e9xico. (2023). <em data-start=\"4084\" data-end=\"4153\">Protocolos de prevenci\u00f3n y atenci\u00f3n de las violencias en la escuela<\/em>. Secretar\u00eda de Educaci\u00f3n P\u00fablica. Recuperado el 05 de mayo de 2025 en <a class=\"\" href=\"https:\/\/www.aefcm.gob.mx\/normateca\/disposiciones_normativas\/CAJ\/archivos-2023\/Protocolos_de_Prevencion_y_Atencion_de_las_Violencias_en_la_Escuela.pdf\" target=\"_new\" rel=\"noopener\" data-start=\"4157\" data-end=\"4306\">https:\/\/www.aefcm.gob.mx\/normateca\/disposiciones_normativas\/CAJ\/archivos-2023\/Protocolos_de_Prevencion_y_Atencion_de_las_Violencias_en_la_Escuela.pdf<\/a><\/p>\n<p data-start=\"3787\" data-end=\"4000\">Congreso de la Ciudad de M\u00e9xico, 1 legislatura. (2023). <em data-start=\"4349\" data-end=\"4431\">Ley para la promoci\u00f3n de la convivencia libre de violencia en el entorno escolar de la ciudad de M\u00e9xico<\/em>. Congreso de la ciudad de M\u00e9xico. Recuperado el 05 de mayo de 2025 en <a class=\"\" href=\"https:\/\/www.congresocdmx.gob.mx\/media\/documentos\/fc99b57e3db12475090f84a0cb13228b692fdd49.pdf\" target=\"_new\" rel=\"noopener\" data-start=\"4435\" data-end=\"4528\">https:\/\/www.congresocdmx.gob.mx\/media\/documentos\/fc99b57e3db12475090f84a0cb13228b692fdd49.pdf<\/a><\/p>\n<p data-start=\"3787\" data-end=\"4000\">Cuarto Poder. (2025). <em>\u00bfQu\u00e9 dice la Ley sobre el acoso escolar de ni\u00f1as, ni\u00f1os y adolescentes en M\u00e9xico?\u00a0<\/em>P\u00e1gina web Cuarto poder. Recuperado el 05 de mayo de 2025 en <a href=\"https:\/\/elcuartopoder.com.mx\/nw\/destacadas\/que-dice-la-ley-sobre-el-acoso-escolar-de-ninas-ninos-y-adolescentes-en-mexico\/\">https:\/\/elcuartopoder.com.mx\/nw\/destacadas\/que-dice-la-ley-sobre-el-acoso-escolar-de-ninas-ninos-y-adolescentes-en-mexico\/<\/a><\/p>\n<p data-start=\"3787\" data-end=\"4000\">Magisterio Legal. (2021). <em data-start=\"4870\" data-end=\"4929\">El acoso escolar, delitos y sanciones en el derecho penal<\/em>. P\u00e1gina web Magisterio Legal. Recuperado el 05 de mayo de 2025 en\u00a0<br data-start=\"4930\" data-end=\"4933\" \/><a class=\"\" href=\"https:\/\/magisteriolegal.com\/numero-8\/el-acoso-escolar-delitos-y-sanciones-en-el-derecho-penal\/\" target=\"_new\" rel=\"noopener\" data-start=\"4933\" data-end=\"5027\">https:\/\/magisteriolegal.com\/numero-8\/el-acoso-escolar-delitos-y-sanciones-en-el-derecho-penal\/<\/a><\/p>\n<p data-start=\"3787\" data-end=\"4000\">Senado de la Rep\u00fablica. (2023). <em data-start=\"5061\" data-end=\"5106\">El derecho a una escuela libre de violencia<\/em>. Senado de la Rep\u00fablica. Recuperado el 05 de mayo de 2025 en\u00a0<br data-start=\"5107\" data-end=\"5110\" \/><a class=\"\" href=\"https:\/\/senado.gob.mx\/comisiones\/63\/educacion\/Escuela_Libre_Violencia\/index.php\" target=\"_new\" rel=\"noopener\" data-start=\"5110\" data-end=\"5189\">https:\/\/senado.gob.mx\/comisiones\/63\/educacion\/Escuela_Libre_Violencia\/index.php<\/a><\/p>\n<p data-start=\"3787\" data-end=\"4000\">Vel\u00e1zquez, I. (2025). <em>Sufre bullying 28% de alumnos de educaci\u00f3n b\u00e1sica en M\u00e9xico<\/em>. El diario Mx. Recuperado el 05 de mayo de 2025 en <a href=\"https:\/\/diario.mx\/nacional\/2025\/may\/02\/sufre-bullying-28-de-alumnos-de-educacion-basica-en-mexico-1064559.html?utm_source=chatgpt.com\">https:\/\/diario.mx\/nacional\/2025\/may\/02\/sufre-bullying-28-de-alumnos-de-educacion-basica-en-mexico-1064559.html?utm_source=chatgpt.com<\/a><\/p>\n<p><span style=\"font-weight: 400;\">Aula 15 es un espacio digital dedicado a la educaci\u00f3n actual, con contenidos sobre formaci\u00f3n docente, inclusi\u00f3n, tecnolog\u00eda educativa, leyes, enfoques pedag\u00f3gicos y bienestar socioemocional. Descubre recursos, noticias y estrategias que inspiran el aprendizaje.<\/span><\/p>\n<p><span style=\"font-weight: 400;\">\u00a9 2025 Aula 15 | Educaci\u00f3n para transformar. Todos los derechos reservados.<\/span><\/p>\n<p><span style=\"font-weight: 400;\">\ud83d\udccd M\u00e9rida, Yucat\u00e1n | \ud83c\udf10 <\/span><a href=\"http:\/\/www.aula15.com\"><span style=\"font-weight: 400;\">www.aula15.com<\/span><\/a><\/p>\n<p data-start=\"3787\" data-end=\"4000\"><span style=\"font-weight: 400;\">S\u00edguenos en redes sociales: [<\/span><a href=\"https:\/\/www.facebook.com\/share\/15tww4y5sy\/?mibextid=wwXIfr\"><span style=\"font-weight: 400;\">Facebook<\/span><\/a><span style=\"font-weight: 400;\">] \u2022 [<\/span><a href=\"https:\/\/www.instagram.com\/auuulaaaa_15?igsh=MWNsNDhxaWxlNjlpZg==\"><span style=\"font-weight: 400;\">Instagram<\/span><\/a><span style=\"font-weight: 400;\">] \u2022 [<\/span><a href=\"https:\/\/www.threads.net\/@auuulaaaa_15\"><span style=\"font-weight: 400;\">Threads<\/span><\/a><span style=\"font-weight: 400;\">] \u2022 [<\/span><a href=\"https:\/\/www.tiktok.com\/@aula15umsa?_t=ZS-8w7Mxt0qRI0&amp;_r=1\"><span style=\"font-weight: 400;\">Tiktok<\/span><\/a><span style=\"font-weight: 400;\">]<\/span><\/p>\n<p data-start=\"3787\" data-end=\"4000\">\n","protected":false},"excerpt":{"rendered":"<p>La violencia escolar es un problema constante en M\u00e9xico. Afecta los derechos b\u00e1sicos de ni\u00f1as, ni\u00f1os y adolescentes, y tiene consecuencias graves en su aprendizaje, su salud emocional y su desarrollo personal. De acuerdo con Vel\u00e1zquez (2025) se\u00f1ala que el INEGI, en 2022, casi 3 de cada 10 estudiantes entre 12 y 17 a\u00f1os dijeron [&hellip;]<\/p>\n","protected":false},"author":64,"featured_media":4731,"comment_status":"open","ping_status":"open","sticky":false,"template":"","format":"standard","meta":{"om_disable_all_campaigns":false,"_monsterinsights_skip_tracking":false,"_monsterinsights_sitenote_active":false,"_monsterinsights_sitenote_note":"","_monsterinsights_sitenote_category":0,"tdm_status":"","tdm_grid_status":"","_jetpack_memberships_contains_paid_content":false,"footnotes":""},"categories":[35,375],"tags":[293,345,124,383],"class_list":{"0":"post-4621","1":"post","2":"type-post","3":"status-publish","4":"format-standard","5":"has-post-thumbnail","7":"category-educacion","8":"category-leyes","9":"tag-bullying","10":"tag-escuela","11":"tag-mexico","12":"tag-violencia"},"yoast_head":"<!-- This site is optimized with the Yoast SEO plugin v24.8.1 - https:\/\/yoast.com\/wordpress\/plugins\/seo\/ -->\n<title>Violencia escolar en M\u00e9xico: obligaciones legales de las escuelas - Aula 15<\/title>\n<meta name=\"description\" content=\"La violencia escolar en M\u00e9xico afecta el bienestar y los derechos de ni\u00f1as, ni\u00f1os y adolescentes. Descubre las obligaciones legales que tienen las escuelas para prevenir y atender el acoso escolar.\" \/>\n<meta name=\"robots\" content=\"index, follow, max-snippet:-1, max-image-preview:large, max-video-preview:-1\" \/>\n<link rel=\"canonical\" href=\"https:\/\/aula15.com\/index.php\/2025\/05\/05\/violencia-escolar-en-mexico-obligaciones-legales-de-las-escuelas\/\" \/>\n<meta property=\"og:locale\" content=\"es_MX\" \/>\n<meta property=\"og:type\" content=\"article\" \/>\n<meta property=\"og:title\" content=\"Violencia escolar en M\u00e9xico: obligaciones legales de las escuelas - Aula 15\" \/>\n<meta property=\"og:description\" content=\"La violencia escolar en M\u00e9xico afecta el bienestar y los derechos de ni\u00f1as, ni\u00f1os y adolescentes. Descubre las obligaciones legales que tienen las escuelas para prevenir y atender el acoso escolar.\" \/>\n<meta property=\"og:url\" content=\"https:\/\/aula15.com\/index.php\/2025\/05\/05\/violencia-escolar-en-mexico-obligaciones-legales-de-las-escuelas\/\" \/>\n<meta property=\"og:site_name\" content=\"Aula 15\" \/>\n<meta property=\"article:published_time\" content=\"2025-05-05T06:55:02+00:00\" \/>\n<meta property=\"article:modified_time\" content=\"2025-05-06T02:49:40+00:00\" \/>\n<meta property=\"og:image\" content=\"https:\/\/aula15.com\/wp-content\/uploads\/2025\/05\/violencia-escolar-4.jpg\" \/>\n\t<meta property=\"og:image:width\" content=\"600\" \/>\n\t<meta property=\"og:image:height\" content=\"400\" \/>\n\t<meta property=\"og:image:type\" content=\"image\/jpeg\" \/>\n<meta name=\"author\" content=\"Guadalupe Villaseca\" \/>\n<meta name=\"twitter:card\" content=\"summary_large_image\" \/>\n<meta name=\"twitter:label1\" content=\"Escrito por\" \/>\n\t<meta name=\"twitter:data1\" content=\"Guadalupe Villaseca\" \/>\n\t<meta name=\"twitter:label2\" content=\"Tiempo de lectura\" \/>\n\t<meta name=\"twitter:data2\" content=\"5 minutos\" \/>\n<script type=\"application\/ld+json\" class=\"yoast-schema-graph\">{\"@context\":\"https:\/\/schema.org\",\"@graph\":[{\"@type\":\"WebPage\",\"@id\":\"https:\/\/aula15.com\/index.php\/2025\/05\/05\/violencia-escolar-en-mexico-obligaciones-legales-de-las-escuelas\/\",\"url\":\"https:\/\/aula15.com\/index.php\/2025\/05\/05\/violencia-escolar-en-mexico-obligaciones-legales-de-las-escuelas\/\",\"name\":\"Violencia escolar en M\u00e9xico: obligaciones legales de las escuelas - Aula 15\",\"isPartOf\":{\"@id\":\"https:\/\/aula15.com\/#website\"},\"primaryImageOfPage\":{\"@id\":\"https:\/\/aula15.com\/index.php\/2025\/05\/05\/violencia-escolar-en-mexico-obligaciones-legales-de-las-escuelas\/#primaryimage\"},\"image\":{\"@id\":\"https:\/\/aula15.com\/index.php\/2025\/05\/05\/violencia-escolar-en-mexico-obligaciones-legales-de-las-escuelas\/#primaryimage\"},\"thumbnailUrl\":\"https:\/\/aula15.com\/wp-content\/uploads\/2025\/05\/violencia-escolar-4.jpg\",\"datePublished\":\"2025-05-05T06:55:02+00:00\",\"dateModified\":\"2025-05-06T02:49:40+00:00\",\"author\":{\"@id\":\"https:\/\/aula15.com\/#\/schema\/person\/66bcec2b3c46c647e6a657d6e4b7b5cd\"},\"description\":\"La violencia escolar en M\u00e9xico afecta el bienestar y los derechos de ni\u00f1as, ni\u00f1os y adolescentes. Descubre las obligaciones legales que tienen las escuelas para prevenir y atender el acoso escolar.\",\"breadcrumb\":{\"@id\":\"https:\/\/aula15.com\/index.php\/2025\/05\/05\/violencia-escolar-en-mexico-obligaciones-legales-de-las-escuelas\/#breadcrumb\"},\"inLanguage\":\"es\",\"potentialAction\":[{\"@type\":\"ReadAction\",\"target\":[\"https:\/\/aula15.com\/index.php\/2025\/05\/05\/violencia-escolar-en-mexico-obligaciones-legales-de-las-escuelas\/\"]}]},{\"@type\":\"ImageObject\",\"inLanguage\":\"es\",\"@id\":\"https:\/\/aula15.com\/index.php\/2025\/05\/05\/violencia-escolar-en-mexico-obligaciones-legales-de-las-escuelas\/#primaryimage\",\"url\":\"https:\/\/aula15.com\/wp-content\/uploads\/2025\/05\/violencia-escolar-4.jpg\",\"contentUrl\":\"https:\/\/aula15.com\/wp-content\/uploads\/2025\/05\/violencia-escolar-4.jpg\",\"width\":600,\"height\":400,\"caption\":\"Adolescente en primer plano con expresi\u00f3n de tristeza mientras tres compa\u00f1eros a sus espaldas se burlan de ella, sugiriendo una situaci\u00f3n de violencia escolar.\"},{\"@type\":\"BreadcrumbList\",\"@id\":\"https:\/\/aula15.com\/index.php\/2025\/05\/05\/violencia-escolar-en-mexico-obligaciones-legales-de-las-escuelas\/#breadcrumb\",\"itemListElement\":[{\"@type\":\"ListItem\",\"position\":1,\"name\":\"Inicio\",\"item\":\"https:\/\/aula15.com\/\"},{\"@type\":\"ListItem\",\"position\":2,\"name\":\"Violencia escolar en M\u00e9xico: obligaciones legales de las escuelas\"}]},{\"@type\":\"WebSite\",\"@id\":\"https:\/\/aula15.com\/#website\",\"url\":\"https:\/\/aula15.com\/\",\"name\":\"Aula 15\",\"description\":\"Todo sobre Educaci\u00f3n\",\"potentialAction\":[{\"@type\":\"SearchAction\",\"target\":{\"@type\":\"EntryPoint\",\"urlTemplate\":\"https:\/\/aula15.com\/?s={search_term_string}\"},\"query-input\":{\"@type\":\"PropertyValueSpecification\",\"valueRequired\":true,\"valueName\":\"search_term_string\"}}],\"inLanguage\":\"es\"},{\"@type\":\"Person\",\"@id\":\"https:\/\/aula15.com\/#\/schema\/person\/66bcec2b3c46c647e6a657d6e4b7b5cd\",\"name\":\"Guadalupe Villaseca\",\"image\":{\"@type\":\"ImageObject\",\"inLanguage\":\"es\",\"@id\":\"https:\/\/aula15.com\/#\/schema\/person\/image\/\",\"url\":\"https:\/\/aula15.com\/wp-content\/uploads\/2025\/05\/graduacion-e1746510480498-150x150.jpg\",\"contentUrl\":\"https:\/\/aula15.com\/wp-content\/uploads\/2025\/05\/graduacion-e1746510480498-150x150.jpg\",\"caption\":\"Guadalupe Villaseca\"},\"description\":\"Soy de Cozumel, me gusta leer y ver pel\u00edculas y series. Les recomiendo la pel\u00edcula \\\"C\u00f3mo hacerse millonario antes de que muera la abuela\\\" est\u00e1 en Netflix.\",\"url\":\"https:\/\/aula15.com\/index.php\/author\/guadalupevillaseca1\/\"}]}<\/script>\n<!-- \/ Yoast SEO plugin. -->","yoast_head_json":{"title":"Violencia escolar en M\u00e9xico: obligaciones legales de las escuelas - Aula 15","description":"La violencia escolar en M\u00e9xico afecta el bienestar y los derechos de ni\u00f1as, ni\u00f1os y adolescentes. Descubre las obligaciones legales que tienen las escuelas para prevenir y atender el acoso escolar.","robots":{"index":"index","follow":"follow","max-snippet":"max-snippet:-1","max-image-preview":"max-image-preview:large","max-video-preview":"max-video-preview:-1"},"canonical":"https:\/\/aula15.com\/index.php\/2025\/05\/05\/violencia-escolar-en-mexico-obligaciones-legales-de-las-escuelas\/","og_locale":"es_MX","og_type":"article","og_title":"Violencia escolar en M\u00e9xico: obligaciones legales de las escuelas - Aula 15","og_description":"La violencia escolar en M\u00e9xico afecta el bienestar y los derechos de ni\u00f1as, ni\u00f1os y adolescentes. Descubre las obligaciones legales que tienen las escuelas para prevenir y atender el acoso escolar.","og_url":"https:\/\/aula15.com\/index.php\/2025\/05\/05\/violencia-escolar-en-mexico-obligaciones-legales-de-las-escuelas\/","og_site_name":"Aula 15","article_published_time":"2025-05-05T06:55:02+00:00","article_modified_time":"2025-05-06T02:49:40+00:00","og_image":[{"width":600,"height":400,"url":"https:\/\/aula15.com\/wp-content\/uploads\/2025\/05\/violencia-escolar-4.jpg","type":"image\/jpeg"}],"author":"Guadalupe Villaseca","twitter_card":"summary_large_image","twitter_misc":{"Escrito por":"Guadalupe Villaseca","Tiempo de lectura":"5 minutos"},"schema":{"@context":"https:\/\/schema.org","@graph":[{"@type":"WebPage","@id":"https:\/\/aula15.com\/index.php\/2025\/05\/05\/violencia-escolar-en-mexico-obligaciones-legales-de-las-escuelas\/","url":"https:\/\/aula15.com\/index.php\/2025\/05\/05\/violencia-escolar-en-mexico-obligaciones-legales-de-las-escuelas\/","name":"Violencia escolar en M\u00e9xico: obligaciones legales de las escuelas - Aula 15","isPartOf":{"@id":"https:\/\/aula15.com\/#website"},"primaryImageOfPage":{"@id":"https:\/\/aula15.com\/index.php\/2025\/05\/05\/violencia-escolar-en-mexico-obligaciones-legales-de-las-escuelas\/#primaryimage"},"image":{"@id":"https:\/\/aula15.com\/index.php\/2025\/05\/05\/violencia-escolar-en-mexico-obligaciones-legales-de-las-escuelas\/#primaryimage"},"thumbnailUrl":"https:\/\/aula15.com\/wp-content\/uploads\/2025\/05\/violencia-escolar-4.jpg","datePublished":"2025-05-05T06:55:02+00:00","dateModified":"2025-05-06T02:49:40+00:00","author":{"@id":"https:\/\/aula15.com\/#\/schema\/person\/66bcec2b3c46c647e6a657d6e4b7b5cd"},"description":"La violencia escolar en M\u00e9xico afecta el bienestar y los derechos de ni\u00f1as, ni\u00f1os y adolescentes. Descubre las obligaciones legales que tienen las escuelas para prevenir y atender el acoso escolar.","breadcrumb":{"@id":"https:\/\/aula15.com\/index.php\/2025\/05\/05\/violencia-escolar-en-mexico-obligaciones-legales-de-las-escuelas\/#breadcrumb"},"inLanguage":"es","potentialAction":[{"@type":"ReadAction","target":["https:\/\/aula15.com\/index.php\/2025\/05\/05\/violencia-escolar-en-mexico-obligaciones-legales-de-las-escuelas\/"]}]},{"@type":"ImageObject","inLanguage":"es","@id":"https:\/\/aula15.com\/index.php\/2025\/05\/05\/violencia-escolar-en-mexico-obligaciones-legales-de-las-escuelas\/#primaryimage","url":"https:\/\/aula15.com\/wp-content\/uploads\/2025\/05\/violencia-escolar-4.jpg","contentUrl":"https:\/\/aula15.com\/wp-content\/uploads\/2025\/05\/violencia-escolar-4.jpg","width":600,"height":400,"caption":"Adolescente en primer plano con expresi\u00f3n de tristeza mientras tres compa\u00f1eros a sus espaldas se burlan de ella, sugiriendo una situaci\u00f3n de violencia escolar."},{"@type":"BreadcrumbList","@id":"https:\/\/aula15.com\/index.php\/2025\/05\/05\/violencia-escolar-en-mexico-obligaciones-legales-de-las-escuelas\/#breadcrumb","itemListElement":[{"@type":"ListItem","position":1,"name":"Inicio","item":"https:\/\/aula15.com\/"},{"@type":"ListItem","position":2,"name":"Violencia escolar en M\u00e9xico: obligaciones legales de las escuelas"}]},{"@type":"WebSite","@id":"https:\/\/aula15.com\/#website","url":"https:\/\/aula15.com\/","name":"Aula 15","description":"Todo sobre Educaci\u00f3n","potentialAction":[{"@type":"SearchAction","target":{"@type":"EntryPoint","urlTemplate":"https:\/\/aula15.com\/?s={search_term_string}"},"query-input":{"@type":"PropertyValueSpecification","valueRequired":true,"valueName":"search_term_string"}}],"inLanguage":"es"},{"@type":"Person","@id":"https:\/\/aula15.com\/#\/schema\/person\/66bcec2b3c46c647e6a657d6e4b7b5cd","name":"Guadalupe Villaseca","image":{"@type":"ImageObject","inLanguage":"es","@id":"https:\/\/aula15.com\/#\/schema\/person\/image\/","url":"https:\/\/aula15.com\/wp-content\/uploads\/2025\/05\/graduacion-e1746510480498-150x150.jpg","contentUrl":"https:\/\/aula15.com\/wp-content\/uploads\/2025\/05\/graduacion-e1746510480498-150x150.jpg","caption":"Guadalupe Villaseca"},"description":"Soy de Cozumel, me gusta leer y ver pel\u00edculas y series. Les recomiendo la pel\u00edcula \"C\u00f3mo hacerse millonario antes de que muera la abuela\" est\u00e1 en Netflix.","url":"https:\/\/aula15.com\/index.php\/author\/guadalupevillaseca1\/"}]}},"jetpack_featured_media_url":"https:\/\/aula15.com\/wp-content\/uploads\/2025\/05\/violencia-escolar-4.jpg","jetpack-related-posts":[],"jetpack_sharing_enabled":true,"_links":{"self":[{"href":"https:\/\/aula15.com\/index.php\/wp-json\/wp\/v2\/posts\/4621","targetHints":{"allow":["GET"]}}],"collection":[{"href":"https:\/\/aula15.com\/index.php\/wp-json\/wp\/v2\/posts"}],"about":[{"href":"https:\/\/aula15.com\/index.php\/wp-json\/wp\/v2\/types\/post"}],"author":[{"embeddable":true,"href":"https:\/\/aula15.com\/index.php\/wp-json\/wp\/v2\/users\/64"}],"replies":[{"embeddable":true,"href":"https:\/\/aula15.com\/index.php\/wp-json\/wp\/v2\/comments?post=4621"}],"version-history":[{"count":4,"href":"https:\/\/aula15.com\/index.php\/wp-json\/wp\/v2\/posts\/4621\/revisions"}],"predecessor-version":[{"id":4730,"href":"https:\/\/aula15.com\/index.php\/wp-json\/wp\/v2\/posts\/4621\/revisions\/4730"}],"wp:featuredmedia":[{"embeddable":true,"href":"https:\/\/aula15.com\/index.php\/wp-json\/wp\/v2\/media\/4731"}],"wp:attachment":[{"href":"https:\/\/aula15.com\/index.php\/wp-json\/wp\/v2\/media?parent=4621"}],"wp:term":[{"taxonomy":"category","embeddable":true,"href":"https:\/\/aula15.com\/index.php\/wp-json\/wp\/v2\/categories?post=4621"},{"taxonomy":"post_tag","embeddable":true,"href":"https:\/\/aula15.com\/index.php\/wp-json\/wp\/v2\/tags?post=4621"}],"curies":[{"name":"wp","href":"https:\/\/api.w.org\/{rel}","templated":true}]}}