{"id":3306,"date":"2024-05-24T13:00:47","date_gmt":"2024-05-24T18:00:47","guid":{"rendered":"https:\/\/aula15.com\/?p=3306"},"modified":"2024-05-27T11:26:59","modified_gmt":"2024-05-27T16:26:59","slug":"fomento-de-la-lectura-y-la-escritura","status":"publish","type":"post","link":"https:\/\/aula15.com\/index.php\/2024\/05\/24\/fomento-de-la-lectura-y-la-escritura\/","title":{"rendered":"Fomento de la Lectura y la Escritura"},"content":{"rendered":"<p><img loading=\"lazy\" decoding=\"async\" class=\" wp-image-3312 alignleft\" src=\"https:\/\/aula15.com\/wp-content\/uploads\/2024\/05\/pag_24-300x169.jpg\" alt=\"\" width=\"412\" height=\"232\" srcset=\"https:\/\/aula15.com\/wp-content\/uploads\/2024\/05\/pag_24-300x169.jpg 300w, https:\/\/aula15.com\/wp-content\/uploads\/2024\/05\/pag_24-1024x576.jpg 1024w, https:\/\/aula15.com\/wp-content\/uploads\/2024\/05\/pag_24-768x432.jpg 768w, https:\/\/aula15.com\/wp-content\/uploads\/2024\/05\/pag_24-1536x864.jpg 1536w, https:\/\/aula15.com\/wp-content\/uploads\/2024\/05\/pag_24-696x392.jpg 696w, https:\/\/aula15.com\/wp-content\/uploads\/2024\/05\/pag_24-1068x601.jpg 1068w, https:\/\/aula15.com\/wp-content\/uploads\/2024\/05\/pag_24-747x420.jpg 747w, https:\/\/aula15.com\/wp-content\/uploads\/2024\/05\/pag_24.jpg 1920w\" sizes=\"auto, (max-width: 412px) 100vw, 412px\" \/>El <a href=\"https:\/\/www.lucaedu.com\/fomentar-la-lectura\/#:~:text=El%20fomento%20de%20la%20lectura,del%20proceso%20de%20ense%C3%B1anza%2Daprendizaje.\">fomento de la lectura<\/a> y la escritura es esencial para el desarrollo cognitivo, emocional y social de las personas. La lectura no solo mejora la comprensi\u00f3n y el vocabulario, sino que tambi\u00e9n ampl\u00eda el horizonte cultural y estimula la imaginaci\u00f3n. La escritura, por su parte, es una herramienta fundamental para la expresi\u00f3n de ideas y la comunicaci\u00f3n efectiva. Promover estas habilidades desde una edad temprana es crucial para el \u00e9xito acad\u00e9mico y personal.<\/p>\n<p><a href=\"https:\/\/www.lucaedu.com\/fomentar-la-lectura\/#:~:text=El%20fomento%20de%20la%20lectura,del%20proceso%20de%20ense%C3%B1anza%2Daprendizaje.\">https:\/\/www.lucaedu.com\/fomentar-la-lectura\/#:~:text=El%20fomento%20de%20la%20lectura,del%20proceso%20de%20ense%C3%B1anza%2Daprendizaje.<\/a><\/p>\n<h4><strong>Importancia del Fomento de la Lectura<\/strong><\/h4>\n<p><strong>Desarrollo Cognitivo:<\/strong> la lectura estimula el cerebro, mejora la concentraci\u00f3n y desarrolla habilidades cr\u00edticas como la comprensi\u00f3n lectora y el pensamiento anal\u00edtico.<\/p>\n<p><strong>Enriquecimiento del Vocabulario:<\/strong> leer amplia el vocabulario y mejora la capacidad de utilizar palabras en diferentes contextos.<\/p>\n<p><strong>Estimulaci\u00f3n de la Imaginaci\u00f3n:<\/strong> la lectura permite a los lectores explorar nuevos mundos y perspectivas, fomentando la creatividad y la empat\u00eda.<\/p>\n<p><strong>Mejora del Rendimiento Acad\u00e9mico:<\/strong> los estudiantes que leen regularmente suelen tener un mejor rendimiento acad\u00e9mico en todas las \u00e1reas, no solo en lengua y literatura.<\/p>\n<h4><strong>Estrategias para Fomentar la Lectura<img loading=\"lazy\" decoding=\"async\" class=\" wp-image-3313 alignright\" src=\"https:\/\/aula15.com\/wp-content\/uploads\/2024\/05\/four-levels-of-reading-1024x917-1-300x269.webp\" alt=\"\" width=\"367\" height=\"329\" srcset=\"https:\/\/aula15.com\/wp-content\/uploads\/2024\/05\/four-levels-of-reading-1024x917-1-300x269.webp 300w, https:\/\/aula15.com\/wp-content\/uploads\/2024\/05\/four-levels-of-reading-1024x917-1-768x688.webp 768w, https:\/\/aula15.com\/wp-content\/uploads\/2024\/05\/four-levels-of-reading-1024x917-1-696x623.webp 696w, https:\/\/aula15.com\/wp-content\/uploads\/2024\/05\/four-levels-of-reading-1024x917-1-469x420.webp 469w, https:\/\/aula15.com\/wp-content\/uploads\/2024\/05\/four-levels-of-reading-1024x917-1.webp 1024w\" sizes=\"auto, (max-width: 367px) 100vw, 367px\" \/><\/strong><\/h4>\n<p><strong>Crear un Ambiente Literario:<\/strong> tener libros accesibles en casa y en el aula, y dedicar tiempo diario a la lectura.<\/p>\n<p><strong>Lectura en Voz Alta:<\/strong> leer en voz alta a los ni\u00f1os y animar a los estudiantes a compartir sus lecturas favoritas.<\/p>\n<p><strong>Clubes de Lectura:<\/strong> organizar clubes de lectura donde los estudiantes puedan discutir libros y compartir ideas.<\/p>\n<p><strong>Eventos Literarios:<\/strong> participar en ferias del libro, visitas de autores y otras actividades relacionadas con la <a href=\"https:\/\/www.significados.com\/literatura\/\">literatura.<\/a><\/p>\n<h4><strong>Importancia del Fomento de la Escritura<\/strong><\/h4>\n<p><strong>Expresi\u00f3n Personal:<\/strong> la escritura permite a las personas expresar sus pensamientos, sentimientos y experiencias de manera estructurada.<\/p>\n<p><strong>Desarrollo de Habilidades Comunicativas:<\/strong> escribir mejora la capacidad de comunicaci\u00f3n escrita, crucial para el \u00e9xito acad\u00e9mico y profesional.<\/p>\n<p><strong>Organizaci\u00f3n del Pensamiento:<\/strong> la escritura ayuda a organizar ideas y pensamientos de manera l\u00f3gica y coherente.<\/p>\n<p><strong>Creatividad:<\/strong> escribir historias, poemas o ensayos fomenta la creatividad y la imaginaci\u00f3n.<\/p>\n<h4><strong>Estrategias para Fomentar la Escritura<\/strong><\/h4>\n<p><strong>Diarios y Blogs:<\/strong> animar a los estudiantes a llevar diarios personales o blogs donde puedan escribir regularmente.<\/p>\n<p><strong>Talleres de Escritura:<\/strong> organizar talleres donde los estudiantes puedan practicar y mejorar sus habilidades de escritura en un entorno colaborativo.<\/p>\n<p><strong>Proyectos de Escritura Creativa:<\/strong> fomentar la creaci\u00f3n de cuentos, poemas, obras de teatro y otros proyectos creativos.<\/p>\n<p><strong>Retroalimentaci\u00f3n Positiva:<\/strong> proveer retroalimentaci\u00f3n constructiva y positiva para motivar a los estudiantes a seguir escribiendo y mejorando.<\/p>\n<h4><strong>Retos y Oportunidades<\/strong><\/h4>\n<p><img loading=\"lazy\" decoding=\"async\" class=\"wp-image-3314 alignright\" src=\"https:\/\/aula15.com\/wp-content\/uploads\/2024\/05\/Unknown-300x193.jpeg\" alt=\"\" width=\"420\" height=\"270\" srcset=\"https:\/\/aula15.com\/wp-content\/uploads\/2024\/05\/Unknown-300x193.jpeg 300w, https:\/\/aula15.com\/wp-content\/uploads\/2024\/05\/Unknown.jpeg 500w\" sizes=\"auto, (max-width: 420px) 100vw, 420px\" \/><\/p>\n<p><strong>Acceso a Recursos:<\/strong> garantizar que todos los estudiantes tengan acceso a libros y materiales de escritura.<\/p>\n<p><strong>Fomento de la Lectura Digital:<\/strong> adaptar las estrategias de fomento de la lectura y la escritura a las nuevas tecnolog\u00edas y plataformas digitales.<\/p>\n<p><strong>Diversidad de Contenidos:<\/strong> ofrecer una amplia variedad de g\u00e9neros y temas para atraer a diferentes intereses y niveles de lectura.<\/p>\n<p><strong>Apoyo de la Comunidad:<\/strong> involucrar a padres, bibliotecas y organizaciones comunitarias en el fomento de la lectura y la escritura.<\/p>\n<p>Programa para el fomento de la lectura: <a href=\"https:\/\/www.gob.mx\/sep\/documentos\/programa-de-fomento-a-la-lectura-y-la-escritura-en-escuelas-normales-leer-para-la-vida-programa-de-formacion-y-desarrollo?state=published\">https:\/\/www.gob.mx\/sep\/documentos\/programa-de-fomento-a-la-lectura-y-la-escritura-en-escuelas-normales-leer-para-la-vida-programa-de-formacion-y-desarrollo?state=published<\/a><\/p>\n","protected":false},"excerpt":{"rendered":"<p>El fomento de la lectura y la escritura es esencial para el desarrollo cognitivo, emocional y social de las personas. La lectura no solo mejora la comprensi\u00f3n y el vocabulario, sino que tambi\u00e9n ampl\u00eda el horizonte cultural y estimula la imaginaci\u00f3n. La escritura, por su parte, es una herramienta fundamental para la expresi\u00f3n de ideas [&hellip;]<\/p>\n","protected":false},"author":43,"featured_media":3311,"comment_status":"open","ping_status":"open","sticky":false,"template":"","format":"standard","meta":{"om_disable_all_campaigns":false,"_monsterinsights_skip_tracking":false,"_monsterinsights_sitenote_active":false,"_monsterinsights_sitenote_note":"","_monsterinsights_sitenote_category":0,"tdm_status":"","tdm_grid_status":"","_jetpack_memberships_contains_paid_content":false,"footnotes":""},"categories":[35],"tags":[],"class_list":{"0":"post-3306","1":"post","2":"type-post","3":"status-publish","4":"format-standard","5":"has-post-thumbnail","7":"category-educacion"},"yoast_head":"<!-- This site is optimized with the Yoast SEO plugin v24.8.1 - https:\/\/yoast.com\/wordpress\/plugins\/seo\/ -->\n<title>Fomento de la Lectura y la Escritura - Aula 15<\/title>\n<meta name=\"description\" content=\"El fomento de la lectura y la escritura es fundamental para el desarrollo integral de las personas a trav\u00e9s de estrategias efectivas.\" \/>\n<meta name=\"robots\" content=\"index, follow, max-snippet:-1, max-image-preview:large, max-video-preview:-1\" \/>\n<link rel=\"canonical\" href=\"https:\/\/aula15.com\/index.php\/2024\/05\/24\/fomento-de-la-lectura-y-la-escritura\/\" \/>\n<meta property=\"og:locale\" content=\"es_MX\" \/>\n<meta property=\"og:type\" content=\"article\" \/>\n<meta property=\"og:title\" content=\"Fomento de la Lectura y la Escritura - Aula 15\" \/>\n<meta property=\"og:description\" content=\"El fomento de la lectura y la escritura es fundamental para el desarrollo integral de las personas a trav\u00e9s de estrategias efectivas.\" \/>\n<meta property=\"og:url\" content=\"https:\/\/aula15.com\/index.php\/2024\/05\/24\/fomento-de-la-lectura-y-la-escritura\/\" \/>\n<meta property=\"og:site_name\" content=\"Aula 15\" \/>\n<meta property=\"article:published_time\" content=\"2024-05-24T18:00:47+00:00\" \/>\n<meta property=\"article:modified_time\" content=\"2024-05-27T16:26:59+00:00\" \/>\n<meta property=\"og:image\" content=\"https:\/\/aula15.com\/wp-content\/uploads\/2024\/05\/Banner-FomentarLectura.jpg\" \/>\n\t<meta property=\"og:image:width\" content=\"1200\" \/>\n\t<meta property=\"og:image:height\" content=\"750\" \/>\n\t<meta property=\"og:image:type\" content=\"image\/jpeg\" \/>\n<meta name=\"author\" content=\"Gabriela Montserrat Navarrete Martinez\" \/>\n<meta name=\"twitter:card\" content=\"summary_large_image\" \/>\n<meta name=\"twitter:label1\" content=\"Escrito por\" \/>\n\t<meta name=\"twitter:data1\" content=\"Gabriela Montserrat Navarrete Martinez\" \/>\n\t<meta name=\"twitter:label2\" content=\"Tiempo de lectura\" \/>\n\t<meta name=\"twitter:data2\" content=\"3 minutos\" \/>\n<script type=\"application\/ld+json\" class=\"yoast-schema-graph\">{\"@context\":\"https:\/\/schema.org\",\"@graph\":[{\"@type\":\"WebPage\",\"@id\":\"https:\/\/aula15.com\/index.php\/2024\/05\/24\/fomento-de-la-lectura-y-la-escritura\/\",\"url\":\"https:\/\/aula15.com\/index.php\/2024\/05\/24\/fomento-de-la-lectura-y-la-escritura\/\",\"name\":\"Fomento de la Lectura y la Escritura - Aula 15\",\"isPartOf\":{\"@id\":\"https:\/\/aula15.com\/#website\"},\"primaryImageOfPage\":{\"@id\":\"https:\/\/aula15.com\/index.php\/2024\/05\/24\/fomento-de-la-lectura-y-la-escritura\/#primaryimage\"},\"image\":{\"@id\":\"https:\/\/aula15.com\/index.php\/2024\/05\/24\/fomento-de-la-lectura-y-la-escritura\/#primaryimage\"},\"thumbnailUrl\":\"https:\/\/aula15.com\/wp-content\/uploads\/2024\/05\/Banner-FomentarLectura.jpg\",\"datePublished\":\"2024-05-24T18:00:47+00:00\",\"dateModified\":\"2024-05-27T16:26:59+00:00\",\"author\":{\"@id\":\"https:\/\/aula15.com\/#\/schema\/person\/b470657cd5fa91a84271242a1b9cd63c\"},\"description\":\"El fomento de la lectura y la escritura es fundamental para el desarrollo integral de las personas a trav\u00e9s de estrategias efectivas.\",\"breadcrumb\":{\"@id\":\"https:\/\/aula15.com\/index.php\/2024\/05\/24\/fomento-de-la-lectura-y-la-escritura\/#breadcrumb\"},\"inLanguage\":\"es\",\"potentialAction\":[{\"@type\":\"ReadAction\",\"target\":[\"https:\/\/aula15.com\/index.php\/2024\/05\/24\/fomento-de-la-lectura-y-la-escritura\/\"]}]},{\"@type\":\"ImageObject\",\"inLanguage\":\"es\",\"@id\":\"https:\/\/aula15.com\/index.php\/2024\/05\/24\/fomento-de-la-lectura-y-la-escritura\/#primaryimage\",\"url\":\"https:\/\/aula15.com\/wp-content\/uploads\/2024\/05\/Banner-FomentarLectura.jpg\",\"contentUrl\":\"https:\/\/aula15.com\/wp-content\/uploads\/2024\/05\/Banner-FomentarLectura.jpg\",\"width\":1200,\"height\":750},{\"@type\":\"BreadcrumbList\",\"@id\":\"https:\/\/aula15.com\/index.php\/2024\/05\/24\/fomento-de-la-lectura-y-la-escritura\/#breadcrumb\",\"itemListElement\":[{\"@type\":\"ListItem\",\"position\":1,\"name\":\"Inicio\",\"item\":\"https:\/\/aula15.com\/\"},{\"@type\":\"ListItem\",\"position\":2,\"name\":\"Fomento de la Lectura y la Escritura\"}]},{\"@type\":\"WebSite\",\"@id\":\"https:\/\/aula15.com\/#website\",\"url\":\"https:\/\/aula15.com\/\",\"name\":\"Aula 15\",\"description\":\"Todo sobre Educaci\u00f3n\",\"potentialAction\":[{\"@type\":\"SearchAction\",\"target\":{\"@type\":\"EntryPoint\",\"urlTemplate\":\"https:\/\/aula15.com\/?s={search_term_string}\"},\"query-input\":{\"@type\":\"PropertyValueSpecification\",\"valueRequired\":true,\"valueName\":\"search_term_string\"}}],\"inLanguage\":\"es\"},{\"@type\":\"Person\",\"@id\":\"https:\/\/aula15.com\/#\/schema\/person\/b470657cd5fa91a84271242a1b9cd63c\",\"name\":\"Gabriela Montserrat Navarrete Martinez\",\"image\":{\"@type\":\"ImageObject\",\"inLanguage\":\"es\",\"@id\":\"https:\/\/aula15.com\/#\/schema\/person\/image\/\",\"url\":\"https:\/\/aula15.com\/wp-content\/uploads\/2024\/05\/WhatsApp-Image-2024-04-19-at-7.57.59-PM-150x150.jpeg\",\"contentUrl\":\"https:\/\/aula15.com\/wp-content\/uploads\/2024\/05\/WhatsApp-Image-2024-04-19-at-7.57.59-PM-150x150.jpeg\",\"caption\":\"Gabriela Montserrat Navarrete Martinez\"},\"description\":\"Soy estudiante de la Licenciatura en Educaci\u00f3n, actualmente cursando el octavo semestre. Tengo 21 a\u00f1os y, adem\u00e1s, estoy estudiando una segunda licenciatura enfocada en la educaci\u00f3n secundaria, con especializaci\u00f3n en geograf\u00eda.\",\"url\":\"https:\/\/aula15.com\/index.php\/author\/gabriela-montserrat-navarrete-martinez\/\"}]}<\/script>\n<!-- \/ Yoast SEO plugin. -->","yoast_head_json":{"title":"Fomento de la Lectura y la Escritura - Aula 15","description":"El fomento de la lectura y la escritura es fundamental para el desarrollo integral de las personas a trav\u00e9s de estrategias efectivas.","robots":{"index":"index","follow":"follow","max-snippet":"max-snippet:-1","max-image-preview":"max-image-preview:large","max-video-preview":"max-video-preview:-1"},"canonical":"https:\/\/aula15.com\/index.php\/2024\/05\/24\/fomento-de-la-lectura-y-la-escritura\/","og_locale":"es_MX","og_type":"article","og_title":"Fomento de la Lectura y la Escritura - Aula 15","og_description":"El fomento de la lectura y la escritura es fundamental para el desarrollo integral de las personas a trav\u00e9s de estrategias efectivas.","og_url":"https:\/\/aula15.com\/index.php\/2024\/05\/24\/fomento-de-la-lectura-y-la-escritura\/","og_site_name":"Aula 15","article_published_time":"2024-05-24T18:00:47+00:00","article_modified_time":"2024-05-27T16:26:59+00:00","og_image":[{"width":1200,"height":750,"url":"https:\/\/aula15.com\/wp-content\/uploads\/2024\/05\/Banner-FomentarLectura.jpg","type":"image\/jpeg"}],"author":"Gabriela Montserrat Navarrete Martinez","twitter_card":"summary_large_image","twitter_misc":{"Escrito por":"Gabriela Montserrat Navarrete Martinez","Tiempo de lectura":"3 minutos"},"schema":{"@context":"https:\/\/schema.org","@graph":[{"@type":"WebPage","@id":"https:\/\/aula15.com\/index.php\/2024\/05\/24\/fomento-de-la-lectura-y-la-escritura\/","url":"https:\/\/aula15.com\/index.php\/2024\/05\/24\/fomento-de-la-lectura-y-la-escritura\/","name":"Fomento de la Lectura y la Escritura - Aula 15","isPartOf":{"@id":"https:\/\/aula15.com\/#website"},"primaryImageOfPage":{"@id":"https:\/\/aula15.com\/index.php\/2024\/05\/24\/fomento-de-la-lectura-y-la-escritura\/#primaryimage"},"image":{"@id":"https:\/\/aula15.com\/index.php\/2024\/05\/24\/fomento-de-la-lectura-y-la-escritura\/#primaryimage"},"thumbnailUrl":"https:\/\/aula15.com\/wp-content\/uploads\/2024\/05\/Banner-FomentarLectura.jpg","datePublished":"2024-05-24T18:00:47+00:00","dateModified":"2024-05-27T16:26:59+00:00","author":{"@id":"https:\/\/aula15.com\/#\/schema\/person\/b470657cd5fa91a84271242a1b9cd63c"},"description":"El fomento de la lectura y la escritura es fundamental para el desarrollo integral de las personas a trav\u00e9s de estrategias efectivas.","breadcrumb":{"@id":"https:\/\/aula15.com\/index.php\/2024\/05\/24\/fomento-de-la-lectura-y-la-escritura\/#breadcrumb"},"inLanguage":"es","potentialAction":[{"@type":"ReadAction","target":["https:\/\/aula15.com\/index.php\/2024\/05\/24\/fomento-de-la-lectura-y-la-escritura\/"]}]},{"@type":"ImageObject","inLanguage":"es","@id":"https:\/\/aula15.com\/index.php\/2024\/05\/24\/fomento-de-la-lectura-y-la-escritura\/#primaryimage","url":"https:\/\/aula15.com\/wp-content\/uploads\/2024\/05\/Banner-FomentarLectura.jpg","contentUrl":"https:\/\/aula15.com\/wp-content\/uploads\/2024\/05\/Banner-FomentarLectura.jpg","width":1200,"height":750},{"@type":"BreadcrumbList","@id":"https:\/\/aula15.com\/index.php\/2024\/05\/24\/fomento-de-la-lectura-y-la-escritura\/#breadcrumb","itemListElement":[{"@type":"ListItem","position":1,"name":"Inicio","item":"https:\/\/aula15.com\/"},{"@type":"ListItem","position":2,"name":"Fomento de la Lectura y la Escritura"}]},{"@type":"WebSite","@id":"https:\/\/aula15.com\/#website","url":"https:\/\/aula15.com\/","name":"Aula 15","description":"Todo sobre Educaci\u00f3n","potentialAction":[{"@type":"SearchAction","target":{"@type":"EntryPoint","urlTemplate":"https:\/\/aula15.com\/?s={search_term_string}"},"query-input":{"@type":"PropertyValueSpecification","valueRequired":true,"valueName":"search_term_string"}}],"inLanguage":"es"},{"@type":"Person","@id":"https:\/\/aula15.com\/#\/schema\/person\/b470657cd5fa91a84271242a1b9cd63c","name":"Gabriela Montserrat Navarrete Martinez","image":{"@type":"ImageObject","inLanguage":"es","@id":"https:\/\/aula15.com\/#\/schema\/person\/image\/","url":"https:\/\/aula15.com\/wp-content\/uploads\/2024\/05\/WhatsApp-Image-2024-04-19-at-7.57.59-PM-150x150.jpeg","contentUrl":"https:\/\/aula15.com\/wp-content\/uploads\/2024\/05\/WhatsApp-Image-2024-04-19-at-7.57.59-PM-150x150.jpeg","caption":"Gabriela Montserrat Navarrete Martinez"},"description":"Soy estudiante de la Licenciatura en Educaci\u00f3n, actualmente cursando el octavo semestre. Tengo 21 a\u00f1os y, adem\u00e1s, estoy estudiando una segunda licenciatura enfocada en la educaci\u00f3n secundaria, con especializaci\u00f3n en geograf\u00eda.","url":"https:\/\/aula15.com\/index.php\/author\/gabriela-montserrat-navarrete-martinez\/"}]}},"jetpack_featured_media_url":"https:\/\/aula15.com\/wp-content\/uploads\/2024\/05\/Banner-FomentarLectura.jpg","jetpack-related-posts":[],"jetpack_sharing_enabled":true,"_links":{"self":[{"href":"https:\/\/aula15.com\/index.php\/wp-json\/wp\/v2\/posts\/3306","targetHints":{"allow":["GET"]}}],"collection":[{"href":"https:\/\/aula15.com\/index.php\/wp-json\/wp\/v2\/posts"}],"about":[{"href":"https:\/\/aula15.com\/index.php\/wp-json\/wp\/v2\/types\/post"}],"author":[{"embeddable":true,"href":"https:\/\/aula15.com\/index.php\/wp-json\/wp\/v2\/users\/43"}],"replies":[{"embeddable":true,"href":"https:\/\/aula15.com\/index.php\/wp-json\/wp\/v2\/comments?post=3306"}],"version-history":[{"count":3,"href":"https:\/\/aula15.com\/index.php\/wp-json\/wp\/v2\/posts\/3306\/revisions"}],"predecessor-version":[{"id":3697,"href":"https:\/\/aula15.com\/index.php\/wp-json\/wp\/v2\/posts\/3306\/revisions\/3697"}],"wp:featuredmedia":[{"embeddable":true,"href":"https:\/\/aula15.com\/index.php\/wp-json\/wp\/v2\/media\/3311"}],"wp:attachment":[{"href":"https:\/\/aula15.com\/index.php\/wp-json\/wp\/v2\/media?parent=3306"}],"wp:term":[{"taxonomy":"category","embeddable":true,"href":"https:\/\/aula15.com\/index.php\/wp-json\/wp\/v2\/categories?post=3306"},{"taxonomy":"post_tag","embeddable":true,"href":"https:\/\/aula15.com\/index.php\/wp-json\/wp\/v2\/tags?post=3306"}],"curies":[{"name":"wp","href":"https:\/\/api.w.org\/{rel}","templated":true}]}}